{"id":14551,"date":"2019-01-14T08:05:33","date_gmt":"2019-01-14T07:05:33","guid":{"rendered":"http:\/\/euwps02.tecnavia.com\/ilmercoledi\/news\/?p=14551"},"modified":"2019-01-21T07:01:22","modified_gmt":"2019-01-21T06:01:22","slug":"moncalieri-lezione-culturale-in-biblioteca-giovedi","status":"publish","type":"post","link":"https:\/\/www.ilmercoledi.news\/2019\/01\/14\/moncalieri-lezione-culturale-in-biblioteca-giovedi\/","title":{"rendered":"MONCALIERI &#8211; Lezione culturale in biblioteca gioved\u00ec"},"content":{"rendered":"<p>Per il filone &#8220;Scrittori dei nostri tempi&#8221;, gioved\u00ec 17 gennaio \u00e8 la volta di &#8220;Brecht a Weimar&#8221;, alle Ore 17,00 presso la Biblioteca Arduino, via Cavour 31, a Moncalieri.\u00a0 Si tratta di una lezione-spettacolo con Silvia Bidese, Ileana Daverio e Sonia Guarino. A cura di Magaria Teatro e il coordinamento di Fabrizio Nocilla. L&#8217; Ingresso \u00e8 libero.\u00a0Per info: Associazione Magaria Teatro<\/p>\n","protected":false},"excerpt":{"rendered":"","protected":false},"author":11,"featured_media":6949,"comment_status":"open","ping_status":"closed","sticky":false,"template":"","format":"standard","meta":[],"categories":[9],"tags":[],"news-destination":[],"news-source":[],"is_homepage":[],"ta_other":[],"_links":{"self":[{"href":"https:\/\/www.ilmercoledi.news\/ilmercoledi\/news\/wp-json\/wp\/v2\/posts\/14551"}],"collection":[{"href":"https:\/\/www.ilmercoledi.news\/ilmercoledi\/news\/wp-json\/wp\/v2\/posts"}],"about":[{"href":"https:\/\/www.ilmercoledi.news\/ilmercoledi\/news\/wp-json\/wp\/v2\/types\/post"}],"author":[{"embeddable":true,"href":"https:\/\/www.ilmercoledi.news\/ilmercoledi\/news\/wp-json\/wp\/v2\/users\/11"}],"replies":[{"embeddable":true,"href":"https:\/\/www.ilmercoledi.news\/ilmercoledi\/news\/wp-json\/wp\/v2\/comments?post=14551"}],"version-history":[{"count":1,"href":"https:\/\/www.ilmercoledi.news\/ilmercoledi\/news\/wp-json\/wp\/v2\/posts\/14551\/revisions"}],"predecessor-version":[{"id":14552,"href":"https:\/\/www.ilmercoledi.news\/ilmercoledi\/news\/wp-json\/wp\/v2\/posts\/14551\/revisions\/14552"}],"wp:featuredmedia":[{"embeddable":true,"href":"https:\/\/www.ilmercoledi.news\/ilmercoledi\/news\/wp-json\/wp\/v2\/media\/6949"}],"wp:attachment":[{"href":"https:\/\/www.ilmercoledi.news\/ilmercoledi\/news\/wp-json\/wp\/v2\/media?parent=14551"}],"wp:term":[{"taxonomy":"category","embeddable":true,"href":"https:\/\/www.ilmercoledi.news\/ilmercoledi\/news\/wp-json\/wp\/v2\/categories?post=14551"},{"taxonomy":"post_tag","embeddable":true,"href":"https:\/\/www.ilmercoledi.news\/ilmercoledi\/news\/wp-json\/wp\/v2\/tags?post=14551"},{"taxonomy":"news-destination","embeddable":true,"href":"https:\/\/www.ilmercoledi.news\/ilmercoledi\/news\/wp-json\/wp\/v2\/news-destination?post=14551"},{"taxonomy":"news-source","embeddable":true,"href":"https:\/\/www.ilmercoledi.news\/ilmercoledi\/news\/wp-json\/wp\/v2\/news-source?post=14551"},{"taxonomy":"is_homepage","embeddable":true,"href":"https:\/\/www.ilmercoledi.news\/ilmercoledi\/news\/wp-json\/wp\/v2\/is_homepage?post=14551"},{"taxonomy":"ta_other","embeddable":true,"href":"https:\/\/www.ilmercoledi.news\/ilmercoledi\/news\/wp-json\/wp\/v2\/ta_other?post=14551"}],"curies":[{"name":"wp","href":"https:\/\/api.w.org\/{rel}","templated":true}]}}