{"id":14554,"date":"2019-01-14T08:09:35","date_gmt":"2019-01-14T07:09:35","guid":{"rendered":"http:\/\/euwps02.tecnavia.com\/ilmercoledi\/news\/?p=14554"},"modified":"2019-01-21T07:01:22","modified_gmt":"2019-01-21T06:01:22","slug":"trasporti-sciopero-del-sindacato-usb-il-16-gennaio","status":"publish","type":"post","link":"https:\/\/www.ilmercoledi.news\/2019\/01\/14\/trasporti-sciopero-del-sindacato-usb-il-16-gennaio\/","title":{"rendered":"TRASPORTI &#8211; Sciopero del sindacato Usb il 16 gennaio"},"content":{"rendered":"<p>L\u2019Unione Sindacale di Base ha indetto alla GTT uno sciopero aziendale di 24 ore mercoled\u00ec 16 gennaio, per ribadire la propria ferma contrariet\u00e0 a un piano industriale che non rilancia\u00a0l\u2019azienda, la riduce di organico, esternalizza chilometri a vettori privati, e alla fine del triennio frammenter\u00e0 GTT rendendola facile preda per le societ\u00e0 private.<\/p>\n<p>&#8220;La sindaca Appendino, l\u2019assessore ai trasporti Lapietra e l\u2019a.d. Foti &#8211; si legge nella nota sindacale -, semplificano in modo assurdo la grave problematica delle vetture incendiate, ritenendola rientrante nella media rispetto agli anni passati, e cos\u00ec facendo sottovalutano il reale pericolo causato a utenza, personale dipendente e cittadinanza intera.\u00a0La carenza di personale addetto alla guida dei mezzi causa soppressioni di turni sull\u2019intera giornata lavorativa. La rotazione dei turni di servizio \u00e8 sempre pi\u00f9 pesante, e la fruibilit\u00e0 delle ferie viene sistematicamente compromessa dalla necessit\u00e0 di coprire con ore di straordinario molti turni che altrimenti resterebbero scoperti.\u00a0Non bastasse, viene promessa un\u2019intensificazione del servizio per le giornate di blocco del traffico. Ci chiediamo con quali mezzi, visto che il parco veicoli a disposizione non \u00e8 sufficiente per quello previsto normalmente&#8221;.<\/p>\n<p>Lo sciopero si articoler\u00e0 in questo modo: per il personale viaggiante urbano-suburbano e di metropolitana da inizio servizio. alle ore 6,00, \u00a0dalle ore 9,00 alle 12,00 e dalle ore 15,00 \u00a0a fine servizio. Per il personale viaggiante extraurbano gomma e ferrovia dalle ore 08,00 alle ore 14,30 e dalle 17,30 a fine servizio. Per tutto il resto del personale GTT l\u2019intera giornata lavorativa. Lo sciopero si svolger\u00e0 nel rispetto dei servizi minimi garantiti previsti dagli accordi vigenti.<\/p>\n<p>&nbsp;<\/p>\n","protected":false},"excerpt":{"rendered":"","protected":false},"author":11,"featured_media":4371,"comment_status":"open","ping_status":"closed","sticky":false,"template":"","format":"standard","meta":[],"categories":[34],"tags":[],"news-destination":[],"news-source":[],"is_homepage":[],"ta_other":[],"_links":{"self":[{"href":"https:\/\/www.ilmercoledi.news\/ilmercoledi\/news\/wp-json\/wp\/v2\/posts\/14554"}],"collection":[{"href":"https:\/\/www.ilmercoledi.news\/ilmercoledi\/news\/wp-json\/wp\/v2\/posts"}],"about":[{"href":"https:\/\/www.ilmercoledi.news\/ilmercoledi\/news\/wp-json\/wp\/v2\/types\/post"}],"author":[{"embeddable":true,"href":"https:\/\/www.ilmercoledi.news\/ilmercoledi\/news\/wp-json\/wp\/v2\/users\/11"}],"replies":[{"embeddable":true,"href":"https:\/\/www.ilmercoledi.news\/ilmercoledi\/news\/wp-json\/wp\/v2\/comments?post=14554"}],"version-history":[{"count":1,"href":"https:\/\/www.ilmercoledi.news\/ilmercoledi\/news\/wp-json\/wp\/v2\/posts\/14554\/revisions"}],"predecessor-version":[{"id":14555,"href":"https:\/\/www.ilmercoledi.news\/ilmercoledi\/news\/wp-json\/wp\/v2\/posts\/14554\/revisions\/14555"}],"wp:featuredmedia":[{"embeddable":true,"href":"https:\/\/www.ilmercoledi.news\/ilmercoledi\/news\/wp-json\/wp\/v2\/media\/4371"}],"wp:attachment":[{"href":"https:\/\/www.ilmercoledi.news\/ilmercoledi\/news\/wp-json\/wp\/v2\/media?parent=14554"}],"wp:term":[{"taxonomy":"category","embeddable":true,"href":"https:\/\/www.ilmercoledi.news\/ilmercoledi\/news\/wp-json\/wp\/v2\/categories?post=14554"},{"taxonomy":"post_tag","embeddable":true,"href":"https:\/\/www.ilmercoledi.news\/ilmercoledi\/news\/wp-json\/wp\/v2\/tags?post=14554"},{"taxonomy":"news-destination","embeddable":true,"href":"https:\/\/www.ilmercoledi.news\/ilmercoledi\/news\/wp-json\/wp\/v2\/news-destination?post=14554"},{"taxonomy":"news-source","embeddable":true,"href":"https:\/\/www.ilmercoledi.news\/ilmercoledi\/news\/wp-json\/wp\/v2\/news-source?post=14554"},{"taxonomy":"is_homepage","embeddable":true,"href":"https:\/\/www.ilmercoledi.news\/ilmercoledi\/news\/wp-json\/wp\/v2\/is_homepage?post=14554"},{"taxonomy":"ta_other","embeddable":true,"href":"https:\/\/www.ilmercoledi.news\/ilmercoledi\/news\/wp-json\/wp\/v2\/ta_other?post=14554"}],"curies":[{"name":"wp","href":"https:\/\/api.w.org\/{rel}","templated":true}]}}