{"id":14603,"date":"2019-01-16T07:57:28","date_gmt":"2019-01-16T06:57:28","guid":{"rendered":"http:\/\/euwps02.tecnavia.com\/ilmercoledi\/news\/?p=14603"},"modified":"2019-01-21T07:01:22","modified_gmt":"2019-01-21T06:01:22","slug":"trofarello-maxi-discarica-in-strada-restauduzzo","status":"publish","type":"post","link":"https:\/\/www.ilmercoledi.news\/2019\/01\/16\/trofarello-maxi-discarica-in-strada-restauduzzo\/","title":{"rendered":"TROFARELLO &#8211; Maxi discarica in strada Restauduzzo"},"content":{"rendered":"<p>Nuovo gesto inqualificabile ai danni dell&#8217;ambiente. Una maxi discarica in strada Restauduzzo, a Trofarello, \u00e8 stata infatti segnalata nei giorni scorsi da alcuni cittadini. Siamo nella zona di confine con Santena: l&#8217;ideale per chi inquina. Pu\u00f2 infatti abbandonare di tutto con bassissimi rischi di essere beccato. Ed \u00e8 quello che \u00e8 successo: lungo la strada \u00e8 stato lasciato un enorme quantitativo di rifiuti di ogni tipo. Anche fusti di dubbia provenienza. Non \u00e8 la prima volta che capita una cosa del genere in quella zona, ma raramente di dimensioni simili.<\/p>\n","protected":false},"excerpt":{"rendered":"","protected":false},"author":11,"featured_media":14604,"comment_status":"open","ping_status":"closed","sticky":false,"template":"","format":"standard","meta":[],"categories":[34],"tags":[],"news-destination":[],"news-source":[],"is_homepage":[],"ta_other":[],"_links":{"self":[{"href":"https:\/\/www.ilmercoledi.news\/ilmercoledi\/news\/wp-json\/wp\/v2\/posts\/14603"}],"collection":[{"href":"https:\/\/www.ilmercoledi.news\/ilmercoledi\/news\/wp-json\/wp\/v2\/posts"}],"about":[{"href":"https:\/\/www.ilmercoledi.news\/ilmercoledi\/news\/wp-json\/wp\/v2\/types\/post"}],"author":[{"embeddable":true,"href":"https:\/\/www.ilmercoledi.news\/ilmercoledi\/news\/wp-json\/wp\/v2\/users\/11"}],"replies":[{"embeddable":true,"href":"https:\/\/www.ilmercoledi.news\/ilmercoledi\/news\/wp-json\/wp\/v2\/comments?post=14603"}],"version-history":[{"count":1,"href":"https:\/\/www.ilmercoledi.news\/ilmercoledi\/news\/wp-json\/wp\/v2\/posts\/14603\/revisions"}],"predecessor-version":[{"id":14605,"href":"https:\/\/www.ilmercoledi.news\/ilmercoledi\/news\/wp-json\/wp\/v2\/posts\/14603\/revisions\/14605"}],"wp:featuredmedia":[{"embeddable":true,"href":"https:\/\/www.ilmercoledi.news\/ilmercoledi\/news\/wp-json\/wp\/v2\/media\/14604"}],"wp:attachment":[{"href":"https:\/\/www.ilmercoledi.news\/ilmercoledi\/news\/wp-json\/wp\/v2\/media?parent=14603"}],"wp:term":[{"taxonomy":"category","embeddable":true,"href":"https:\/\/www.ilmercoledi.news\/ilmercoledi\/news\/wp-json\/wp\/v2\/categories?post=14603"},{"taxonomy":"post_tag","embeddable":true,"href":"https:\/\/www.ilmercoledi.news\/ilmercoledi\/news\/wp-json\/wp\/v2\/tags?post=14603"},{"taxonomy":"news-destination","embeddable":true,"href":"https:\/\/www.ilmercoledi.news\/ilmercoledi\/news\/wp-json\/wp\/v2\/news-destination?post=14603"},{"taxonomy":"news-source","embeddable":true,"href":"https:\/\/www.ilmercoledi.news\/ilmercoledi\/news\/wp-json\/wp\/v2\/news-source?post=14603"},{"taxonomy":"is_homepage","embeddable":true,"href":"https:\/\/www.ilmercoledi.news\/ilmercoledi\/news\/wp-json\/wp\/v2\/is_homepage?post=14603"},{"taxonomy":"ta_other","embeddable":true,"href":"https:\/\/www.ilmercoledi.news\/ilmercoledi\/news\/wp-json\/wp\/v2\/ta_other?post=14603"}],"curies":[{"name":"wp","href":"https:\/\/api.w.org\/{rel}","templated":true}]}}