{"id":14689,"date":"2019-01-18T15:29:47","date_gmt":"2019-01-18T14:29:47","guid":{"rendered":"http:\/\/euwps02.tecnavia.com\/ilmercoledi\/news\/?p=14689"},"modified":"2019-01-21T07:01:22","modified_gmt":"2019-01-21T06:01:22","slug":"moncalieri-messa-di-san-sebastiano-divieto-di-sosta-in-piazza-del-municipio","status":"publish","type":"post","link":"https:\/\/www.ilmercoledi.news\/2019\/01\/18\/moncalieri-messa-di-san-sebastiano-divieto-di-sosta-in-piazza-del-municipio\/","title":{"rendered":"MONCALIERI &#8211; Messa di San Sebastiano: divieto di sosta in piazza del municipio"},"content":{"rendered":"<p>Divieto di sosta nella centralissima Piazza Vittorio Emanuele II a Moncalieri, dalle 10 alle 14 nel giorno 21 gennaio. Il provvedimento \u00e8 stato reso necessario, in occasione della solennit\u00e0 di San Sebastiano, quando si terr\u00e0 una messa presso la Collegiata di Santa Maria della Scala. Considerato la necessit\u00e0 di consentire il regolare e sicuro svolgimento della manifestazione e che serve consentire la sosta, in Piazza VittorioEmanuele II, ai numerosi autoveicoli a disposizione di personalit\u00e0 invitate, il Comune ha deciso di vietare per quattro ore il parcheggio alle altre auto.<\/p>\n","protected":false},"excerpt":{"rendered":"","protected":false},"author":11,"featured_media":9019,"comment_status":"open","ping_status":"closed","sticky":false,"template":"","format":"standard","meta":[],"categories":[34],"tags":[],"news-destination":[],"news-source":[],"is_homepage":[],"ta_other":[],"_links":{"self":[{"href":"https:\/\/www.ilmercoledi.news\/ilmercoledi\/news\/wp-json\/wp\/v2\/posts\/14689"}],"collection":[{"href":"https:\/\/www.ilmercoledi.news\/ilmercoledi\/news\/wp-json\/wp\/v2\/posts"}],"about":[{"href":"https:\/\/www.ilmercoledi.news\/ilmercoledi\/news\/wp-json\/wp\/v2\/types\/post"}],"author":[{"embeddable":true,"href":"https:\/\/www.ilmercoledi.news\/ilmercoledi\/news\/wp-json\/wp\/v2\/users\/11"}],"replies":[{"embeddable":true,"href":"https:\/\/www.ilmercoledi.news\/ilmercoledi\/news\/wp-json\/wp\/v2\/comments?post=14689"}],"version-history":[{"count":1,"href":"https:\/\/www.ilmercoledi.news\/ilmercoledi\/news\/wp-json\/wp\/v2\/posts\/14689\/revisions"}],"predecessor-version":[{"id":14690,"href":"https:\/\/www.ilmercoledi.news\/ilmercoledi\/news\/wp-json\/wp\/v2\/posts\/14689\/revisions\/14690"}],"wp:featuredmedia":[{"embeddable":true,"href":"https:\/\/www.ilmercoledi.news\/ilmercoledi\/news\/wp-json\/wp\/v2\/media\/9019"}],"wp:attachment":[{"href":"https:\/\/www.ilmercoledi.news\/ilmercoledi\/news\/wp-json\/wp\/v2\/media?parent=14689"}],"wp:term":[{"taxonomy":"category","embeddable":true,"href":"https:\/\/www.ilmercoledi.news\/ilmercoledi\/news\/wp-json\/wp\/v2\/categories?post=14689"},{"taxonomy":"post_tag","embeddable":true,"href":"https:\/\/www.ilmercoledi.news\/ilmercoledi\/news\/wp-json\/wp\/v2\/tags?post=14689"},{"taxonomy":"news-destination","embeddable":true,"href":"https:\/\/www.ilmercoledi.news\/ilmercoledi\/news\/wp-json\/wp\/v2\/news-destination?post=14689"},{"taxonomy":"news-source","embeddable":true,"href":"https:\/\/www.ilmercoledi.news\/ilmercoledi\/news\/wp-json\/wp\/v2\/news-source?post=14689"},{"taxonomy":"is_homepage","embeddable":true,"href":"https:\/\/www.ilmercoledi.news\/ilmercoledi\/news\/wp-json\/wp\/v2\/is_homepage?post=14689"},{"taxonomy":"ta_other","embeddable":true,"href":"https:\/\/www.ilmercoledi.news\/ilmercoledi\/news\/wp-json\/wp\/v2\/ta_other?post=14689"}],"curies":[{"name":"wp","href":"https:\/\/api.w.org\/{rel}","templated":true}]}}