{"id":1469,"date":"2018-01-18T08:15:33","date_gmt":"2018-01-18T07:15:33","guid":{"rendered":"http:\/\/euwps02.tecnavia.com\/ilmercoledi\/news\/?p=1469"},"modified":"2018-01-18T08:15:35","modified_gmt":"2018-01-18T07:15:35","slug":"nichelino-rete-dislessia-accessibilita-dare-tutti-le-stesse-opportunita","status":"publish","type":"post","link":"https:\/\/www.ilmercoledi.news\/2018\/01\/18\/nichelino-rete-dislessia-accessibilita-dare-tutti-le-stesse-opportunita\/","title":{"rendered":"NICHELINO &#8211; Rete Dislessia e accessibilit\u00e0: dare a tutti le stesse opportunit\u00e0"},"content":{"rendered":"<p>Incontro su &#8220;Rete Dislessia e accessibilit\u00e0: dare a tutti le stesse opportunit\u00e0\u201d. Si terr\u00e0 luned\u00ec 22 gennaio 2018, ore 18:00 \u2013 19:30, presso Centro Grosa, via Galimberti, 3 &#8211; Nichelino.<\/p>\n<p>Dal 2012, il Tavolo di Lavoro sulla Dislessia, formato da tutte le scuole, Citt\u00e0 di Nichelino, ASL TO5, CISA 12, AID \u2013 Sezione di Torino con gli obiettivi di prevenire e informare sui Disturbi Specifici dell\u2019Apprendimento, rivolge invito, aperto a tutti, alla presentazione del Progetto, che si realizzer\u00e0 anche quest\u2019anno all\u2019interno delle Scuole.<\/p>\n","protected":false},"excerpt":{"rendered":"","protected":false},"author":11,"featured_media":1470,"comment_status":"open","ping_status":"closed","sticky":false,"template":"","format":"standard","meta":[],"categories":[34],"tags":[],"news-destination":[],"news-source":[],"is_homepage":[],"ta_other":[],"_links":{"self":[{"href":"https:\/\/www.ilmercoledi.news\/ilmercoledi\/news\/wp-json\/wp\/v2\/posts\/1469"}],"collection":[{"href":"https:\/\/www.ilmercoledi.news\/ilmercoledi\/news\/wp-json\/wp\/v2\/posts"}],"about":[{"href":"https:\/\/www.ilmercoledi.news\/ilmercoledi\/news\/wp-json\/wp\/v2\/types\/post"}],"author":[{"embeddable":true,"href":"https:\/\/www.ilmercoledi.news\/ilmercoledi\/news\/wp-json\/wp\/v2\/users\/11"}],"replies":[{"embeddable":true,"href":"https:\/\/www.ilmercoledi.news\/ilmercoledi\/news\/wp-json\/wp\/v2\/comments?post=1469"}],"version-history":[{"count":1,"href":"https:\/\/www.ilmercoledi.news\/ilmercoledi\/news\/wp-json\/wp\/v2\/posts\/1469\/revisions"}],"predecessor-version":[{"id":1471,"href":"https:\/\/www.ilmercoledi.news\/ilmercoledi\/news\/wp-json\/wp\/v2\/posts\/1469\/revisions\/1471"}],"wp:featuredmedia":[{"embeddable":true,"href":"https:\/\/www.ilmercoledi.news\/ilmercoledi\/news\/wp-json\/wp\/v2\/media\/1470"}],"wp:attachment":[{"href":"https:\/\/www.ilmercoledi.news\/ilmercoledi\/news\/wp-json\/wp\/v2\/media?parent=1469"}],"wp:term":[{"taxonomy":"category","embeddable":true,"href":"https:\/\/www.ilmercoledi.news\/ilmercoledi\/news\/wp-json\/wp\/v2\/categories?post=1469"},{"taxonomy":"post_tag","embeddable":true,"href":"https:\/\/www.ilmercoledi.news\/ilmercoledi\/news\/wp-json\/wp\/v2\/tags?post=1469"},{"taxonomy":"news-destination","embeddable":true,"href":"https:\/\/www.ilmercoledi.news\/ilmercoledi\/news\/wp-json\/wp\/v2\/news-destination?post=1469"},{"taxonomy":"news-source","embeddable":true,"href":"https:\/\/www.ilmercoledi.news\/ilmercoledi\/news\/wp-json\/wp\/v2\/news-source?post=1469"},{"taxonomy":"is_homepage","embeddable":true,"href":"https:\/\/www.ilmercoledi.news\/ilmercoledi\/news\/wp-json\/wp\/v2\/is_homepage?post=1469"},{"taxonomy":"ta_other","embeddable":true,"href":"https:\/\/www.ilmercoledi.news\/ilmercoledi\/news\/wp-json\/wp\/v2\/ta_other?post=1469"}],"curies":[{"name":"wp","href":"https:\/\/api.w.org\/{rel}","templated":true}]}}