{"id":14693,"date":"2019-01-18T17:40:03","date_gmt":"2019-01-18T16:40:03","guid":{"rendered":"http:\/\/euwps02.tecnavia.com\/ilmercoledi\/news\/?p=14693"},"modified":"2019-01-21T07:49:37","modified_gmt":"2019-01-21T06:49:37","slug":"santena-per-il-giorno-della-memoria-due-momenti-di-incontro","status":"publish","type":"post","link":"https:\/\/www.ilmercoledi.news\/2019\/01\/18\/santena-per-il-giorno-della-memoria-due-momenti-di-incontro\/","title":{"rendered":"SANTENA &#8211; Per il giorno della Memoria due momenti di incontro"},"content":{"rendered":"<p>&nbsp;<\/p>\n<p>A Santena la celebrazione del giorno della Memoria, sabato 2 Febbraio 2019, avverr\u00e0 con due momenti pubblici distinti. Alle ore 10,30, in Piazza Martiri della Libert\u00e0, ci sar\u00e0 l&#8217;Omaggio della cittadinanza al Monumento ai Caduti e alle lapidi che ricordano le vittime dell\u2019Olocausto e le vittime delle Foibe. Partecipano le Autorit\u00e0, la banda musicale Canonico Serra e le Associazioni cittadine.<\/p>\n<p>Ore 10,45 invece, in sala del Consiglio Comunale &#8211; Commemorazione ufficiale con l\u2019intervento di Antonella Bartolo Colaleo Insegnante e scrittrice. Attraverso la presentazione del suo libro, \u201cMatite sbriciolate\u201d, momento di riflessione su quella che fu la storia degli Internati Militari Italiani che l\u20198 settembre 1943 dissero di noSA alla Repubblica di Sal\u00f2 e in 650.000 vennero internati nei lager tedeschi per quasi due anni e furono da molti dimenticati.<\/p>\n","protected":false},"excerpt":{"rendered":"","protected":false},"author":11,"featured_media":14570,"comment_status":"open","ping_status":"closed","sticky":false,"template":"","format":"standard","meta":[],"categories":[34],"tags":[],"news-destination":[],"news-source":[],"is_homepage":[],"ta_other":[],"_links":{"self":[{"href":"https:\/\/www.ilmercoledi.news\/ilmercoledi\/news\/wp-json\/wp\/v2\/posts\/14693"}],"collection":[{"href":"https:\/\/www.ilmercoledi.news\/ilmercoledi\/news\/wp-json\/wp\/v2\/posts"}],"about":[{"href":"https:\/\/www.ilmercoledi.news\/ilmercoledi\/news\/wp-json\/wp\/v2\/types\/post"}],"author":[{"embeddable":true,"href":"https:\/\/www.ilmercoledi.news\/ilmercoledi\/news\/wp-json\/wp\/v2\/users\/11"}],"replies":[{"embeddable":true,"href":"https:\/\/www.ilmercoledi.news\/ilmercoledi\/news\/wp-json\/wp\/v2\/comments?post=14693"}],"version-history":[{"count":1,"href":"https:\/\/www.ilmercoledi.news\/ilmercoledi\/news\/wp-json\/wp\/v2\/posts\/14693\/revisions"}],"predecessor-version":[{"id":14696,"href":"https:\/\/www.ilmercoledi.news\/ilmercoledi\/news\/wp-json\/wp\/v2\/posts\/14693\/revisions\/14696"}],"wp:featuredmedia":[{"embeddable":true,"href":"https:\/\/www.ilmercoledi.news\/ilmercoledi\/news\/wp-json\/wp\/v2\/media\/14570"}],"wp:attachment":[{"href":"https:\/\/www.ilmercoledi.news\/ilmercoledi\/news\/wp-json\/wp\/v2\/media?parent=14693"}],"wp:term":[{"taxonomy":"category","embeddable":true,"href":"https:\/\/www.ilmercoledi.news\/ilmercoledi\/news\/wp-json\/wp\/v2\/categories?post=14693"},{"taxonomy":"post_tag","embeddable":true,"href":"https:\/\/www.ilmercoledi.news\/ilmercoledi\/news\/wp-json\/wp\/v2\/tags?post=14693"},{"taxonomy":"news-destination","embeddable":true,"href":"https:\/\/www.ilmercoledi.news\/ilmercoledi\/news\/wp-json\/wp\/v2\/news-destination?post=14693"},{"taxonomy":"news-source","embeddable":true,"href":"https:\/\/www.ilmercoledi.news\/ilmercoledi\/news\/wp-json\/wp\/v2\/news-source?post=14693"},{"taxonomy":"is_homepage","embeddable":true,"href":"https:\/\/www.ilmercoledi.news\/ilmercoledi\/news\/wp-json\/wp\/v2\/is_homepage?post=14693"},{"taxonomy":"ta_other","embeddable":true,"href":"https:\/\/www.ilmercoledi.news\/ilmercoledi\/news\/wp-json\/wp\/v2\/ta_other?post=14693"}],"curies":[{"name":"wp","href":"https:\/\/api.w.org\/{rel}","templated":true}]}}