{"id":14725,"date":"2019-01-19T17:53:00","date_gmt":"2019-01-19T16:53:00","guid":{"rendered":"http:\/\/euwps02.tecnavia.com\/ilmercoledi\/news\/?p=14725"},"modified":"2019-01-21T07:01:08","modified_gmt":"2019-01-21T06:01:08","slug":"appello-agli-aspiranti-pasticceri-il-21-gennaio-scatta-lopen-day-per-il-progetto-vale","status":"publish","type":"post","link":"https:\/\/www.ilmercoledi.news\/2019\/01\/19\/appello-agli-aspiranti-pasticceri-il-21-gennaio-scatta-lopen-day-per-il-progetto-vale\/","title":{"rendered":"Appello agli aspiranti pasticceri: il 21 gennaio scatta l&#8217;Open Day per il progetto &#8220;Vale&#8221;"},"content":{"rendered":"<p>Siamo alla terza edizione per i corsi di formazione di \u201cVale-Valore all\u2019esperienza\u201d. Luned\u00ec 21 gennaio dalle 14,30 alle 16,30 nella sede del centro di formazione professionale Virginia Agnelli di via Paolo Sarpi 123 a Torino avr\u00e0 luogo l\u2019open day curato dal CIOFS &#8211; Centro Italiano Opere Femminili Salesiane del Piemonte, la Citt\u00e0 Metropolitana di Torino, la scuola teorico-pratica Malva-Arnaldi di Bibiana e il GIP FIPAN-Groupement d\u2019Int\u00e9r\u00eat Public pour la Formation et l\u2019Insertion Professionnelles di Nizza.<\/p>\n<p>Il progetto, attivo a cavallo tra Italia e Francia, vede protagonisti Torino e di Nizza impegnati nei settori della pasticceria e della gelateria. La proposta formativa \u00e8 altamente professionalizzante, d\u00e0 competenze sotto il duplice aspetto della produzione e dell\u2019imprenditorialit\u00e0 e d\u00e0 opportunit\u00e0 lavorative. Le aule e i laboratori di Vale potranno accettare fino a 90 partecipanti, giovani e adulti, francesi e italiani.<\/p>\n<p>Partecipa al progetto anche la Citt\u00e0 Metropolitana di Torino, mettendo a disposizione le proprie competenze nell\u2019ambito dei servizi di accompagnamento alla creazione d\u2019impresa. Le candidature resteranno aperte fino al 6 febbraio.<\/p>\n<p>Info sul sito https:\/\/www.vale-interreg.net.<\/p>\n","protected":false},"excerpt":{"rendered":"","protected":false},"author":4,"featured_media":14726,"comment_status":"open","ping_status":"closed","sticky":false,"template":"","format":"standard","meta":[],"categories":[294],"tags":[],"news-destination":[],"news-source":[],"is_homepage":[],"ta_other":[],"_links":{"self":[{"href":"https:\/\/www.ilmercoledi.news\/ilmercoledi\/news\/wp-json\/wp\/v2\/posts\/14725"}],"collection":[{"href":"https:\/\/www.ilmercoledi.news\/ilmercoledi\/news\/wp-json\/wp\/v2\/posts"}],"about":[{"href":"https:\/\/www.ilmercoledi.news\/ilmercoledi\/news\/wp-json\/wp\/v2\/types\/post"}],"author":[{"embeddable":true,"href":"https:\/\/www.ilmercoledi.news\/ilmercoledi\/news\/wp-json\/wp\/v2\/users\/4"}],"replies":[{"embeddable":true,"href":"https:\/\/www.ilmercoledi.news\/ilmercoledi\/news\/wp-json\/wp\/v2\/comments?post=14725"}],"version-history":[{"count":1,"href":"https:\/\/www.ilmercoledi.news\/ilmercoledi\/news\/wp-json\/wp\/v2\/posts\/14725\/revisions"}],"predecessor-version":[{"id":14727,"href":"https:\/\/www.ilmercoledi.news\/ilmercoledi\/news\/wp-json\/wp\/v2\/posts\/14725\/revisions\/14727"}],"wp:featuredmedia":[{"embeddable":true,"href":"https:\/\/www.ilmercoledi.news\/ilmercoledi\/news\/wp-json\/wp\/v2\/media\/14726"}],"wp:attachment":[{"href":"https:\/\/www.ilmercoledi.news\/ilmercoledi\/news\/wp-json\/wp\/v2\/media?parent=14725"}],"wp:term":[{"taxonomy":"category","embeddable":true,"href":"https:\/\/www.ilmercoledi.news\/ilmercoledi\/news\/wp-json\/wp\/v2\/categories?post=14725"},{"taxonomy":"post_tag","embeddable":true,"href":"https:\/\/www.ilmercoledi.news\/ilmercoledi\/news\/wp-json\/wp\/v2\/tags?post=14725"},{"taxonomy":"news-destination","embeddable":true,"href":"https:\/\/www.ilmercoledi.news\/ilmercoledi\/news\/wp-json\/wp\/v2\/news-destination?post=14725"},{"taxonomy":"news-source","embeddable":true,"href":"https:\/\/www.ilmercoledi.news\/ilmercoledi\/news\/wp-json\/wp\/v2\/news-source?post=14725"},{"taxonomy":"is_homepage","embeddable":true,"href":"https:\/\/www.ilmercoledi.news\/ilmercoledi\/news\/wp-json\/wp\/v2\/is_homepage?post=14725"},{"taxonomy":"ta_other","embeddable":true,"href":"https:\/\/www.ilmercoledi.news\/ilmercoledi\/news\/wp-json\/wp\/v2\/ta_other?post=14725"}],"curies":[{"name":"wp","href":"https:\/\/api.w.org\/{rel}","templated":true}]}}