{"id":14856,"date":"2019-01-23T08:33:24","date_gmt":"2019-01-23T07:33:24","guid":{"rendered":"http:\/\/euwps02.tecnavia.com\/ilmercoledi\/news\/?p=14856"},"modified":"2019-01-23T15:25:49","modified_gmt":"2019-01-23T14:25:49","slug":"moncalieri-sguardi-su-moncalieri-approda-al-castello","status":"publish","type":"post","link":"https:\/\/www.ilmercoledi.news\/2019\/01\/23\/moncalieri-sguardi-su-moncalieri-approda-al-castello\/","title":{"rendered":"MONCALIERI &#8211; &#8220;Sguardi su Moncalieri&#8221; approda al Castello"},"content":{"rendered":"<p>\u201cSguardi su Moncalieri\u201d fa tappa al Parco Storico del Castello Reale. Gioved\u00ec 24 gennaio gli incontri dedicati a storia e storie di Moncalieri e del suo territorio ripartono dopo le feste natalizie da una conferenza dedicata ai progetti di salvaguardia e valorizzazione del vasto comprensorio a giardini e bosco a monte del Castello.\u00a0 La rassegna, curata da Assessorato alla Cultura e al Turismo di Moncalieri ,\u00a0 Biblioteca Civica Arduino e\u00a0 Centro studi Piemontesi , dar\u00e0 la parola gioved\u00ec allo staff del Dipartimento di Scienze Agrarie, Forestali e Alimentari dell\u2019Universit\u00e0 di Torino , incaricato dalla Citt\u00e0 di Moncalieri con una convenzione ad hoc di seguire i progetti. A partire dalle 17,30 il professor\u00a0 Marco Devecchi e le ricercatrici Federica Larcher e\u00a0 Paola Gullino faranno il punto in biblioteca sugli accertamenti e i sopralluoghi fin qui effettuati, con a seguire brindisi e rinfresco a cura della Pro Loco Moncalieri , ormai inserita a pieno titolo tra i partner della Citt\u00e0 per i progetti legati al Parco Storico. Il tutto a poco pi\u00f9 di un mese dalla firma, venerd\u00ec 30 novembre, dell\u2019accordo di valorizzazione tra Citt\u00e0 di Moncalieri, Ministero per i beni e le attivit\u00e0 culturali (Mibac) e Agenzia del Demanio. Un documento che ha spianato di fatto la strada nel prossimo futuro alla cessione alla Citt\u00e0 di Moncalieri in propriet\u00e0 stabile del parco. Filo con duttore dell\u2019operazione \u00e8 l\u2019ormai vicina prospettiva di rendere fruibili al pubblico questi luoghi di grande fascino, che fino ad oggi sono stati inaccessibili: prima dominio regio con i Savoia per secoli, e poi zona militare dagli anni Quaranta fino a oggi. Sul piatto l\u2019amministrazione comunale ha gi\u00e0 messo oltre 600 mila Euro, pronti a bilancio e da spendere nei prossimi 5 anni<\/p>\n","protected":false},"excerpt":{"rendered":"","protected":false},"author":11,"featured_media":7318,"comment_status":"open","ping_status":"closed","sticky":false,"template":"","format":"standard","meta":[],"categories":[34],"tags":[],"news-destination":[],"news-source":[],"is_homepage":[],"ta_other":[],"_links":{"self":[{"href":"https:\/\/www.ilmercoledi.news\/ilmercoledi\/news\/wp-json\/wp\/v2\/posts\/14856"}],"collection":[{"href":"https:\/\/www.ilmercoledi.news\/ilmercoledi\/news\/wp-json\/wp\/v2\/posts"}],"about":[{"href":"https:\/\/www.ilmercoledi.news\/ilmercoledi\/news\/wp-json\/wp\/v2\/types\/post"}],"author":[{"embeddable":true,"href":"https:\/\/www.ilmercoledi.news\/ilmercoledi\/news\/wp-json\/wp\/v2\/users\/11"}],"replies":[{"embeddable":true,"href":"https:\/\/www.ilmercoledi.news\/ilmercoledi\/news\/wp-json\/wp\/v2\/comments?post=14856"}],"version-history":[{"count":1,"href":"https:\/\/www.ilmercoledi.news\/ilmercoledi\/news\/wp-json\/wp\/v2\/posts\/14856\/revisions"}],"predecessor-version":[{"id":14857,"href":"https:\/\/www.ilmercoledi.news\/ilmercoledi\/news\/wp-json\/wp\/v2\/posts\/14856\/revisions\/14857"}],"wp:featuredmedia":[{"embeddable":true,"href":"https:\/\/www.ilmercoledi.news\/ilmercoledi\/news\/wp-json\/wp\/v2\/media\/7318"}],"wp:attachment":[{"href":"https:\/\/www.ilmercoledi.news\/ilmercoledi\/news\/wp-json\/wp\/v2\/media?parent=14856"}],"wp:term":[{"taxonomy":"category","embeddable":true,"href":"https:\/\/www.ilmercoledi.news\/ilmercoledi\/news\/wp-json\/wp\/v2\/categories?post=14856"},{"taxonomy":"post_tag","embeddable":true,"href":"https:\/\/www.ilmercoledi.news\/ilmercoledi\/news\/wp-json\/wp\/v2\/tags?post=14856"},{"taxonomy":"news-destination","embeddable":true,"href":"https:\/\/www.ilmercoledi.news\/ilmercoledi\/news\/wp-json\/wp\/v2\/news-destination?post=14856"},{"taxonomy":"news-source","embeddable":true,"href":"https:\/\/www.ilmercoledi.news\/ilmercoledi\/news\/wp-json\/wp\/v2\/news-source?post=14856"},{"taxonomy":"is_homepage","embeddable":true,"href":"https:\/\/www.ilmercoledi.news\/ilmercoledi\/news\/wp-json\/wp\/v2\/is_homepage?post=14856"},{"taxonomy":"ta_other","embeddable":true,"href":"https:\/\/www.ilmercoledi.news\/ilmercoledi\/news\/wp-json\/wp\/v2\/ta_other?post=14856"}],"curies":[{"name":"wp","href":"https:\/\/api.w.org\/{rel}","templated":true}]}}