{"id":14880,"date":"2019-01-23T16:05:52","date_gmt":"2019-01-23T15:05:52","guid":{"rendered":"http:\/\/euwps02.tecnavia.com\/ilmercoledi\/news\/?p=14880"},"modified":"2019-01-23T16:05:55","modified_gmt":"2019-01-23T15:05:55","slug":"si-presentano-i-lavori-nel-parco-del-castello","status":"publish","type":"post","link":"https:\/\/www.ilmercoledi.news\/2019\/01\/23\/si-presentano-i-lavori-nel-parco-del-castello\/","title":{"rendered":"Si presentano i lavori nel parco del Castello"},"content":{"rendered":"<p>Appuntamento per gioved\u00ec 24 gennaio in biblioteca per scoprire segreti e lavori del parco del castello reale. Protagonista sar\u00e0 la stessa Facolt\u00e0 di Agraria, che da circa un mese \u00e8 entrato in quest\u2019area per un\u2019opera di ricerca e montoraggio. Obiettivo: aprire almeno una parte del parco al pubblico entro la fine dell\u2019anno. Gioved\u00ec 24 gennaio alle ore 17,30 \u00abSguardi su Moncalieri\u00bb propone una conferenza dedicata ai progetti di salvaguardia e valorizzazione dei giardini e del bosco a monte del Castello. La rassegna, curata da Assessorato alla Cultura e al Turismo, Biblioteca e Centro studi Piemontesi, dar\u00e0 la parola gioved\u00ec al Dipartimento di Scienze Agrarie, Forestali e Alimentari dell\u2019Universit\u00e0 di Torino, incaricato di seguire i progetti. A partire dalle 17,30 il professor Marco Devecchi e le ricercatrici Federica Larcher e Paola Gullino faranno il punto in biblioteca sugli accertamenti e i sopralluoghi fin qui effettuati. Il tutto a poco pi\u00f9 di un mese dalla firma, venerd\u00ec 30 novembre, dell\u2019accordo di valorizzazione tra Citt\u00e0 di Moncalieri, Ministero per i beni e le attivit\u00e0 culturali (Mibac) e Agenzia del Demanio.Filo conduttore \u00e8 la prospettiva di rendere fruibili al pubblico questi luoghi, che fino ad oggi sono stati inaccessibili: prima dominio regio con i Savoia per secoli, e poi zona militare. Sul piatto l\u2019amministrazione ha gi\u00e0 messo oltre 600 mila euro per i prossimi 5 anni.L\u2019assessore alla Cultura e al Turismo Laura .<\/p>\n","protected":false},"excerpt":{"rendered":"","protected":false},"author":7,"featured_media":14881,"comment_status":"open","ping_status":"closed","sticky":false,"template":"","format":"standard","meta":[],"categories":[34],"tags":[295],"news-destination":[],"news-source":[],"is_homepage":[],"ta_other":[],"_links":{"self":[{"href":"https:\/\/www.ilmercoledi.news\/ilmercoledi\/news\/wp-json\/wp\/v2\/posts\/14880"}],"collection":[{"href":"https:\/\/www.ilmercoledi.news\/ilmercoledi\/news\/wp-json\/wp\/v2\/posts"}],"about":[{"href":"https:\/\/www.ilmercoledi.news\/ilmercoledi\/news\/wp-json\/wp\/v2\/types\/post"}],"author":[{"embeddable":true,"href":"https:\/\/www.ilmercoledi.news\/ilmercoledi\/news\/wp-json\/wp\/v2\/users\/7"}],"replies":[{"embeddable":true,"href":"https:\/\/www.ilmercoledi.news\/ilmercoledi\/news\/wp-json\/wp\/v2\/comments?post=14880"}],"version-history":[{"count":1,"href":"https:\/\/www.ilmercoledi.news\/ilmercoledi\/news\/wp-json\/wp\/v2\/posts\/14880\/revisions"}],"predecessor-version":[{"id":14882,"href":"https:\/\/www.ilmercoledi.news\/ilmercoledi\/news\/wp-json\/wp\/v2\/posts\/14880\/revisions\/14882"}],"wp:featuredmedia":[{"embeddable":true,"href":"https:\/\/www.ilmercoledi.news\/ilmercoledi\/news\/wp-json\/wp\/v2\/media\/14881"}],"wp:attachment":[{"href":"https:\/\/www.ilmercoledi.news\/ilmercoledi\/news\/wp-json\/wp\/v2\/media?parent=14880"}],"wp:term":[{"taxonomy":"category","embeddable":true,"href":"https:\/\/www.ilmercoledi.news\/ilmercoledi\/news\/wp-json\/wp\/v2\/categories?post=14880"},{"taxonomy":"post_tag","embeddable":true,"href":"https:\/\/www.ilmercoledi.news\/ilmercoledi\/news\/wp-json\/wp\/v2\/tags?post=14880"},{"taxonomy":"news-destination","embeddable":true,"href":"https:\/\/www.ilmercoledi.news\/ilmercoledi\/news\/wp-json\/wp\/v2\/news-destination?post=14880"},{"taxonomy":"news-source","embeddable":true,"href":"https:\/\/www.ilmercoledi.news\/ilmercoledi\/news\/wp-json\/wp\/v2\/news-source?post=14880"},{"taxonomy":"is_homepage","embeddable":true,"href":"https:\/\/www.ilmercoledi.news\/ilmercoledi\/news\/wp-json\/wp\/v2\/is_homepage?post=14880"},{"taxonomy":"ta_other","embeddable":true,"href":"https:\/\/www.ilmercoledi.news\/ilmercoledi\/news\/wp-json\/wp\/v2\/ta_other?post=14880"}],"curies":[{"name":"wp","href":"https:\/\/api.w.org\/{rel}","templated":true}]}}