{"id":14895,"date":"2019-01-24T08:04:56","date_gmt":"2019-01-24T07:04:56","guid":{"rendered":"http:\/\/euwps02.tecnavia.com\/ilmercoledi\/news\/?p=14895"},"modified":"2019-01-24T08:04:58","modified_gmt":"2019-01-24T07:04:58","slug":"trasporti-mattinata-di-passione-per-i-pendolari-soppresso-il-treno-tra-trofarello-e-chieri","status":"publish","type":"post","link":"https:\/\/www.ilmercoledi.news\/2019\/01\/24\/trasporti-mattinata-di-passione-per-i-pendolari-soppresso-il-treno-tra-trofarello-e-chieri\/","title":{"rendered":"TRASPORTI &#8211; Mattinata di passione per i pendolari: soppresso il treno tra Trofarello e Chieri"},"content":{"rendered":"<p>Altra mattinata di passione quella appena iniziata oggi, 24 gennaio, per i pendolari che utilizzano la tratta della Sfm1. Ritardi un po&#8217; su tutte le corse e a Trofarello, punta dell&#8217;iceberg, alle 7.30 il treno che doveva raggiungere Chieri \u00e8 stato soppresso. Di conseguenza anche la corsa che dalla collina scende verso la pianura \u00e8 stata cancellata. Questa sera ci sar\u00e0 un incontro, a Chieri, dei pendolari per parlare di class action contro Gtt. L&#8217;ultima idea per cercare di risolvere una situazione assurda, che non vede davvero luce in fondo al tunnel.<\/p>\n","protected":false},"excerpt":{"rendered":"","protected":false},"author":11,"featured_media":14148,"comment_status":"open","ping_status":"closed","sticky":false,"template":"","format":"standard","meta":[],"categories":[34],"tags":[],"news-destination":[],"news-source":[],"is_homepage":[],"ta_other":[],"_links":{"self":[{"href":"https:\/\/www.ilmercoledi.news\/ilmercoledi\/news\/wp-json\/wp\/v2\/posts\/14895"}],"collection":[{"href":"https:\/\/www.ilmercoledi.news\/ilmercoledi\/news\/wp-json\/wp\/v2\/posts"}],"about":[{"href":"https:\/\/www.ilmercoledi.news\/ilmercoledi\/news\/wp-json\/wp\/v2\/types\/post"}],"author":[{"embeddable":true,"href":"https:\/\/www.ilmercoledi.news\/ilmercoledi\/news\/wp-json\/wp\/v2\/users\/11"}],"replies":[{"embeddable":true,"href":"https:\/\/www.ilmercoledi.news\/ilmercoledi\/news\/wp-json\/wp\/v2\/comments?post=14895"}],"version-history":[{"count":1,"href":"https:\/\/www.ilmercoledi.news\/ilmercoledi\/news\/wp-json\/wp\/v2\/posts\/14895\/revisions"}],"predecessor-version":[{"id":14896,"href":"https:\/\/www.ilmercoledi.news\/ilmercoledi\/news\/wp-json\/wp\/v2\/posts\/14895\/revisions\/14896"}],"wp:featuredmedia":[{"embeddable":true,"href":"https:\/\/www.ilmercoledi.news\/ilmercoledi\/news\/wp-json\/wp\/v2\/media\/14148"}],"wp:attachment":[{"href":"https:\/\/www.ilmercoledi.news\/ilmercoledi\/news\/wp-json\/wp\/v2\/media?parent=14895"}],"wp:term":[{"taxonomy":"category","embeddable":true,"href":"https:\/\/www.ilmercoledi.news\/ilmercoledi\/news\/wp-json\/wp\/v2\/categories?post=14895"},{"taxonomy":"post_tag","embeddable":true,"href":"https:\/\/www.ilmercoledi.news\/ilmercoledi\/news\/wp-json\/wp\/v2\/tags?post=14895"},{"taxonomy":"news-destination","embeddable":true,"href":"https:\/\/www.ilmercoledi.news\/ilmercoledi\/news\/wp-json\/wp\/v2\/news-destination?post=14895"},{"taxonomy":"news-source","embeddable":true,"href":"https:\/\/www.ilmercoledi.news\/ilmercoledi\/news\/wp-json\/wp\/v2\/news-source?post=14895"},{"taxonomy":"is_homepage","embeddable":true,"href":"https:\/\/www.ilmercoledi.news\/ilmercoledi\/news\/wp-json\/wp\/v2\/is_homepage?post=14895"},{"taxonomy":"ta_other","embeddable":true,"href":"https:\/\/www.ilmercoledi.news\/ilmercoledi\/news\/wp-json\/wp\/v2\/ta_other?post=14895"}],"curies":[{"name":"wp","href":"https:\/\/api.w.org\/{rel}","templated":true}]}}