{"id":14942,"date":"2019-01-25T09:24:55","date_gmt":"2019-01-25T08:24:55","guid":{"rendered":"http:\/\/euwps02.tecnavia.com\/ilmercoledi\/news\/?p=14942"},"modified":"2019-01-25T09:24:57","modified_gmt":"2019-01-25T08:24:57","slug":"the-ice-challenge-a-pragelato-arriva-gigi-galli-e-salta-il-muro-dei-40","status":"publish","type":"post","link":"https:\/\/www.ilmercoledi.news\/2019\/01\/25\/the-ice-challenge-a-pragelato-arriva-gigi-galli-e-salta-il-muro-dei-40\/","title":{"rendered":"The Ice Challenge: a Pragelato arriva Gigi Galli e salta il muro dei 40"},"content":{"rendered":"<p>PRAGELATO &#8211; Parafrasando un vecchio proverbio The Ice Challenge dopo aver fatto quaranta, fa 41. Tanti sono gli iscritti alla gara di sabato 26 e domenica 27 gennaio. \u201cEra il nostro obiettivo. Raggiungere quota quaranta e ci siamo riusciti\u201d, commenta soddisfatto Luca Meneghetti di BMG Motor Events che organizza la Serie Bianca.<br \/>\nGigi Galli sfida i maestri del ghiaccio. Oltre ad avere un risultato numerico sicuramente positivo \u00e8 da sottolineare l\u2019altissima qualit\u00e0 di piloti e macchine che promettono un fine settimana dispettacolo e sfide di adrenalinica tensione. A cominciare dall\u2019ingresso di Gigi Galli, il campione livignasco che \u00e8 stato l\u2019ultimo italiano ha vestire i galloni ufficiali di una squadra nel mondiale rally. Il valtellinese che sulla pista di casa si era esibito in una serie di funambolici traversi, a Pragelato sar\u00e0 al volante di una Kia Rio Proto che condivider\u00e0 con Graziano Boetto, puntando ad un risultato di prestigio. A Pragelato saranno in pista i principali protagonisti della gara di apertura. A cominciare dai giovanissimi fratelli Alessio e Michele Bormolini, veri mattatori della gara con la loro \u0160koda Fabia R5 che hanno sfruttato a meraviglia la perfetta conoscenza della pista di casa per imporre la loro legge. Fra coloro che hanno qualche sassolino nella scarpa da togliersi e lo vorranno fare a Pragelato, ci sono principalmente Aldo Pistono, che si \u00e8 espresso al meglio con la sua Opel Astra solo nell\u2019ultima manche, e Sergio Durante, cui la vittoria nel Master Kingpomeridiano con la sua Citro\u00ebn DS3 non \u00e8 stata sufficiente a cancellare totalmente una giornata grigia e non solo per la neve. Da seguire Ivan Carmellino, che ha lottato per gran parte delle manche con Alessio Bormolini al volante della sua Grande Punto Proto arrendendosi solo alla fine, e Giovanni Saracco, all\u2019esordio con la Mitsubishi Lancer, che ha subito dimostrato di avere un ottimo passo, rallentato dallo stop anticipato nella seconda manche. La maggior delusione l\u2019ha sicuramente patita Luciano Cobbe, che praticamente non ha girato con la sua Focus WRCazzoppata da una toccata fin dalle prove, per questo il portacolori della Meteco ha raddoppiato la posta e si presenter\u00e0 in Alta Val Chisone con una \u0160koda Fabia R5, oltre alla consueta Focus WRC. In pista troveremo anche Rudi Bicciato e suo figlio Lukas con la loro Delta con la quale si sono ben comportati a Livigno, cosi il giovane talento Matteo Antonazzo con la Mitsubishi Lancer, quarta forza nella classifica finale a Livigno. A Pragelato troveremo anche altri protagonisti di Livigno, come Massimo Snichelotto e la sua Peugeot 206 WRC, Luca Maspoli, positivo all\u2019esordio con la Mitsubishi Lancer, il giovane Luca Cortellazzi che ritrover\u00e0 al suo fianco il padre Luigi, Maurizio Giovannini e Fulvio Benazzoli positivi con la loro Subaru WRX, stessa vettura di Enrico Tengattini, mentre i fratelli Gabriele e Gianluca Casadei proseguono l\u2019apprendistato con la loro Mitsubishi Lancer ed infine Mauro Bormolini sar\u00e0 in solitaria al volante della sua Mazda 323.<br \/>\nNuovi ingressi, pi\u00f9 competizione. Prima gara stagionale per Alessandro Pettenuzzo, al gran rientro con la Mitsubishi Lancer che gli ha regalato il titolo tricolore due stagioni fa; in pista ritroveremo la Toyota Yaris di Roberto Novara, mentre l\u2019onore del gentil sesso \u00e8 affidato a Mara Capella, al rientro dopo alcune stagioni sabbatiche. A Pragelato ci saranno Adriano e Max Zanatta, gi\u00e0 protagonisti condividendo la Mitsubishi Lancer nella scorsa stagione, ed Alex Pregnolato che disporr\u00e0 di una Subaru Impreza, oltre Franco Mollo che torna sulla pista che pose fine alla sua incandescente stagione 2018 con la Fiesta Proto ed ancora la famiglia Morganti a condividere la Punto con i fratelli Emanuele ed Alessandro, Paolo Sottosanti con la sua Citro\u00ebn AX. Sempre incandescente la sfida fra le due Ruote Motrici vissuta a Livigno fra Mattia Cola e Sergio Giacomuzzi che hanno condiviso la loro Volkswagen Golf.<br \/>\nI velocissimi kart-cross, sempre pi\u00f9 numerosi. Sar\u00e0 battaglia anche fra i kart-cross, dopo che a Livigno si \u00e8 vista una gran battaglia sul filo del centesimo di secondo fra Christian Tiramani eSimone Firenze, con il campione in carica Armando Bracco fermato da un capottamento nelle prove del sabato e fermato dalla frizione domenica e Raffaele Silvestri che ha conquistato un convincente podio a Livigno. A tutti loro, con ambizioni non celate, si aggiungeranno Giacomo Costenaro, gi\u00e0 visto in gara lo scorso anno e il nuovo entrato Stefano Trucco.<br \/>\nA Pragelato si gira come le lancette dell\u2019orologio. Si ritorna a Pragelato, dove lo scorso anno si disputarono due gare, una in senso orario, l\u2019altra in senso anti orario. Lo scorso anno qui vinsero Aldo Pistono prima e Sergio Durante poi. \u201cAnche se non ci sono state precipitazioni la pista Ice Pragelato c\u2019\u00e8 ed \u00e8 in perfette condizioni, grazie alle cure di Adriano Priotti\u201d analizza Luca Meneghetti.<br \/>\nLe previsioni del tempo, inoltre, sono decisamente favorevoli allo svolgimento della gara, con temperature costantemente sotto zero nella localit\u00e0 dell\u2019Alta Val Chisone per tutta la settimana con punte di -12 nelle giornate di venerd\u00ec e domenica. Inoltre mercoled\u00ec e gioved\u00ec sono previste nevicate che renderanno la pista Ice Pragelato perfetta. Il sole di sabato e domenica, infine, renderanno le condizioni perfette sia per i piloti in gara sia per gli spettatori sugli spalti.<br \/>\nLe gare saranno concentrate tutte nel periodo di gennaio-febbraio senza soluzione di continuit\u00e0, con la sola sospensione del primo fine settimana di febbraio, coincidente con la rassegna Automotoretr\u00f2 di Torino. Si \u00e8 cominciato a Livigno, che gi\u00e0 nelle passate edizioni \u00e8 stata sede di sfide particolarmente infuocate; per proseguire con i tradizionali appuntamenti due appuntamenti in Val Chisone a Pragelato e chiudere con la trasferta sul versante francese delle Alpi a Serre Chevalier.<br \/>\nLa struttura delle gare \u00e8 pressoch\u00e9 immutata rispetto alle scorse stagioni con verifiche sportive e tecniche il sabato nella mattinata di sabato, con prove libere e qualifiche nel pomeriggio dalle ore 16.00, mentre la domenica si svolger\u00e0 il Warm-Up, la batteria di qualificazione e le tre manche di gara, cui far\u00e0 seguito nell\u2019immediato pomeriggio il Master King, la spettacolare sfida ruota contro ruota riservata ai piloti pi\u00f9 veloci della giornata. Come sempre della sfida finale saranno protagoniste le vetture delle gare della mattinata, siano esse a quattro ruote motrici (Prototipi, Gruppi ed N), due ruote motrici, che hanno entusiasmato piloti e pubblico, come previsto dal regolamento della serie, pubblicato sul sito www.icechallenge.it che offre tutte le informazioni sulla serie ghiacciata.<br \/>\nDai spettacolo e vinci il Trofeo Concessionaria ErreBi. Essere veloce in pista sar\u00e0 importante, ma sar\u00e0 altrettanto importante dare spettacolo. Per questo \u00e8 stato istituito il Trofeo Concessionaria ErreBi che ad ogni appuntamento premier\u00e0 il concorrente che esalter\u00e0 maggiormente il pubblico con le sue gesta. A decretare il vincitore sar\u00e0 una giuria popolare composta da cinque spettatori scelti fra le presone che assisteranno sugli spalti. I giudici della gara di Livigno saranno i primi cinque spettatori che acquisteranno il biglietto d\u2019ingresso.<br \/>\nIl sito ti dice tutto. \u201cSul sito www.icechallenge.it piloti, preparatori e tifosi possono trovare tutte le notizie a loro necessarie. Dal modulo per l\u2019iscrizione al Challenge, alla dettagliata descrizione delle piste, a tutte le informazioni necessarie per partecipare ed assistere nel migliore dei modi alle gare\u201d. Commenta Luca Meneghetti. Nel frattempo sono state definite anche alcune partnership, con Yokohama che sar\u00e0 sponsor tecnico, cos\u00ec come D4S Motorsport che hanno abbinato i loro marchi alla serie ghiacciata.<\/p>\n","protected":false},"excerpt":{"rendered":"","protected":false},"author":10,"featured_media":14943,"comment_status":"open","ping_status":"closed","sticky":false,"template":"","format":"standard","meta":[],"categories":[10],"tags":[],"news-destination":[],"news-source":[],"is_homepage":[],"ta_other":[],"_links":{"self":[{"href":"https:\/\/www.ilmercoledi.news\/ilmercoledi\/news\/wp-json\/wp\/v2\/posts\/14942"}],"collection":[{"href":"https:\/\/www.ilmercoledi.news\/ilmercoledi\/news\/wp-json\/wp\/v2\/posts"}],"about":[{"href":"https:\/\/www.ilmercoledi.news\/ilmercoledi\/news\/wp-json\/wp\/v2\/types\/post"}],"author":[{"embeddable":true,"href":"https:\/\/www.ilmercoledi.news\/ilmercoledi\/news\/wp-json\/wp\/v2\/users\/10"}],"replies":[{"embeddable":true,"href":"https:\/\/www.ilmercoledi.news\/ilmercoledi\/news\/wp-json\/wp\/v2\/comments?post=14942"}],"version-history":[{"count":1,"href":"https:\/\/www.ilmercoledi.news\/ilmercoledi\/news\/wp-json\/wp\/v2\/posts\/14942\/revisions"}],"predecessor-version":[{"id":14944,"href":"https:\/\/www.ilmercoledi.news\/ilmercoledi\/news\/wp-json\/wp\/v2\/posts\/14942\/revisions\/14944"}],"wp:featuredmedia":[{"embeddable":true,"href":"https:\/\/www.ilmercoledi.news\/ilmercoledi\/news\/wp-json\/wp\/v2\/media\/14943"}],"wp:attachment":[{"href":"https:\/\/www.ilmercoledi.news\/ilmercoledi\/news\/wp-json\/wp\/v2\/media?parent=14942"}],"wp:term":[{"taxonomy":"category","embeddable":true,"href":"https:\/\/www.ilmercoledi.news\/ilmercoledi\/news\/wp-json\/wp\/v2\/categories?post=14942"},{"taxonomy":"post_tag","embeddable":true,"href":"https:\/\/www.ilmercoledi.news\/ilmercoledi\/news\/wp-json\/wp\/v2\/tags?post=14942"},{"taxonomy":"news-destination","embeddable":true,"href":"https:\/\/www.ilmercoledi.news\/ilmercoledi\/news\/wp-json\/wp\/v2\/news-destination?post=14942"},{"taxonomy":"news-source","embeddable":true,"href":"https:\/\/www.ilmercoledi.news\/ilmercoledi\/news\/wp-json\/wp\/v2\/news-source?post=14942"},{"taxonomy":"is_homepage","embeddable":true,"href":"https:\/\/www.ilmercoledi.news\/ilmercoledi\/news\/wp-json\/wp\/v2\/is_homepage?post=14942"},{"taxonomy":"ta_other","embeddable":true,"href":"https:\/\/www.ilmercoledi.news\/ilmercoledi\/news\/wp-json\/wp\/v2\/ta_other?post=14942"}],"curies":[{"name":"wp","href":"https:\/\/api.w.org\/{rel}","templated":true}]}}