{"id":15001,"date":"2019-01-26T18:07:13","date_gmt":"2019-01-26T17:07:13","guid":{"rendered":"http:\/\/euwps02.tecnavia.com\/ilmercoledi\/news\/?p=15001"},"modified":"2019-01-26T18:07:16","modified_gmt":"2019-01-26T17:07:16","slug":"monte-carlo-atto-secondo-sebastien-ogier-passa-allattacco","status":"publish","type":"post","link":"https:\/\/www.ilmercoledi.news\/2019\/01\/26\/monte-carlo-atto-secondo-sebastien-ogier-passa-allattacco\/","title":{"rendered":"Monte-Carlo, atto secondo. S\u00e9bastien Ogier passa all\u2019attacco"},"content":{"rendered":"<p>GAP &#8211; Seconda tappa movimentata per l\u201987\u00b0 edizione del Monte-Carlo, iniziata con l\u2019annullamento per troppo pubblico della prima prova della giornata la Valdrome-Sigottier di 20.04 km. Un annullamento che ha agitato i team manager delle squadre, visto che la prova era la pi\u00f9 innevata della giornata, con la squadra Citro\u00ebn che ha minacciato di chiedere l\u2019annullamento del primo passaggio sulle prove della giornata, visto che i suoi alfieri (S\u00e9bastien Ogier ed Esapekka Lappi) avevano puntato in modo particolare su quella speciale per prendere andare all\u2019attacco.<br \/>\nMa le tribolazioni per la direzione gara non erano finite l\u00ec. Nella successiva Roussieux-Laborel Marco Paccagnella-Michele Ferraracapottavano senza conseguenze per l\u2019equipaggi con la loro Fiesta R5 costringendo la direzione a interrompere la prova e a farla precorrere in trasferimento a una quarantina di equipaggi, che per il ritardo accumulato, hanno percorso in trasferimento anche la successiva Curbans-Piegut. Risultato circa met\u00e0 degli equipaggi in gara dopo le prime tre prove della giornata non avevano nemmeno percorso un metro cronometrato.<br \/>\nPer quanto riguarda la classifica vedeva il grande attacco di S\u00e9bastien Ogier-Julien Ingrassia che si imponevano in due delle cinque prove speciali, ma soprattutto si dimostravano i pi\u00f9 costanti del lotto dei concorrenti.  In seconda posizione, ad appena 2\u201d ci sonoThierry Neuville e Nicholas Gilsoul vincitori dell\u2019ultima speciale di giornata, ma soprattutto protagonisti di una divagazione nel corso della prima prova del secondo giro quando arrivano lunghi, infilano una stradina di sfogo e debbono fare marcia indietro per ritornare in strada perdendo in quel momento una ventina di secondi che diventano appena 2\u201d di ritardo dal pi\u00f9 veloce Ogier a fine prova, a dimostrazione di quanto abbia spinto il belga della Hyundai i20. Le altre due prove sono state vinte da S\u00e9bastien Loeb e Daniel Elena a dimostrazione della cristallina classe del francese della Hyundai che per\u00f2 non \u00e8 stato sempre costante nelle prestazioni chiudendo la tappa al quinto posto, preceduto anche dalla Hyundai i20 di Andreas Mikkelsen-Anders Jaeger e dalla Toyota Yaris WRC diJari-Matti Lattvala-Mikka Anttila che hanno vinto a pari merito di Ogier l\u2019innevata speciale numero 6. La giornata non \u00e8 favorevole ai leader della prima tappa, i lettoni Ott Tanak e Martin Jarveoja che non riescono a tenere il ritmo dei primi ed incappano anche in una foratura chiudendo la giornata in settima posizione.<br \/>\nPer quanto riguarda gli italiani i migliori sono Matteo Gamba-Nicola Arena, con la Fiesta R5 di Balbosca che hanno chiuso la giornata in 19esima posizione assoluta, due davanti a Davide Caffoni e Massimo Minazzi (\u0160koda Fabia R5), mentre terzi sonoAlessandro Gino-Danilo Fappani (\u0160koda Fabia R5) 25esimi, con Enrico Brazzoli-Manuel Fenoli (124 Abarth) che hanno fatto il vuoto in RGT.<br \/>\nFuori gioco Andrea Nucita e Michele Princiotto usciti di strada nella sesta prova speciale che rientreranno domattina con la loroHyundai i20 tentando di recuperare il terreno perso per entrare nei magnifici sessanta che si giocheranno la notte finale. Nessun rientro per Claudio Marenco, affiancato da Luca Pieri, afflitto da un disturbo ad un occhio che ha preferito non continuare per sicurezza. Fermi nella settima speciale Roberto ed Herbert Antonucci per la rottura di un semiasse della loro Twingo.<\/p>\n","protected":false},"excerpt":{"rendered":"","protected":false},"author":10,"featured_media":15002,"comment_status":"open","ping_status":"closed","sticky":false,"template":"","format":"standard","meta":[],"categories":[10],"tags":[],"news-destination":[],"news-source":[],"is_homepage":[],"ta_other":[],"_links":{"self":[{"href":"https:\/\/www.ilmercoledi.news\/ilmercoledi\/news\/wp-json\/wp\/v2\/posts\/15001"}],"collection":[{"href":"https:\/\/www.ilmercoledi.news\/ilmercoledi\/news\/wp-json\/wp\/v2\/posts"}],"about":[{"href":"https:\/\/www.ilmercoledi.news\/ilmercoledi\/news\/wp-json\/wp\/v2\/types\/post"}],"author":[{"embeddable":true,"href":"https:\/\/www.ilmercoledi.news\/ilmercoledi\/news\/wp-json\/wp\/v2\/users\/10"}],"replies":[{"embeddable":true,"href":"https:\/\/www.ilmercoledi.news\/ilmercoledi\/news\/wp-json\/wp\/v2\/comments?post=15001"}],"version-history":[{"count":1,"href":"https:\/\/www.ilmercoledi.news\/ilmercoledi\/news\/wp-json\/wp\/v2\/posts\/15001\/revisions"}],"predecessor-version":[{"id":15003,"href":"https:\/\/www.ilmercoledi.news\/ilmercoledi\/news\/wp-json\/wp\/v2\/posts\/15001\/revisions\/15003"}],"wp:featuredmedia":[{"embeddable":true,"href":"https:\/\/www.ilmercoledi.news\/ilmercoledi\/news\/wp-json\/wp\/v2\/media\/15002"}],"wp:attachment":[{"href":"https:\/\/www.ilmercoledi.news\/ilmercoledi\/news\/wp-json\/wp\/v2\/media?parent=15001"}],"wp:term":[{"taxonomy":"category","embeddable":true,"href":"https:\/\/www.ilmercoledi.news\/ilmercoledi\/news\/wp-json\/wp\/v2\/categories?post=15001"},{"taxonomy":"post_tag","embeddable":true,"href":"https:\/\/www.ilmercoledi.news\/ilmercoledi\/news\/wp-json\/wp\/v2\/tags?post=15001"},{"taxonomy":"news-destination","embeddable":true,"href":"https:\/\/www.ilmercoledi.news\/ilmercoledi\/news\/wp-json\/wp\/v2\/news-destination?post=15001"},{"taxonomy":"news-source","embeddable":true,"href":"https:\/\/www.ilmercoledi.news\/ilmercoledi\/news\/wp-json\/wp\/v2\/news-source?post=15001"},{"taxonomy":"is_homepage","embeddable":true,"href":"https:\/\/www.ilmercoledi.news\/ilmercoledi\/news\/wp-json\/wp\/v2\/is_homepage?post=15001"},{"taxonomy":"ta_other","embeddable":true,"href":"https:\/\/www.ilmercoledi.news\/ilmercoledi\/news\/wp-json\/wp\/v2\/ta_other?post=15001"}],"curies":[{"name":"wp","href":"https:\/\/api.w.org\/{rel}","templated":true}]}}