{"id":15048,"date":"2019-01-28T16:57:30","date_gmt":"2019-01-28T15:57:30","guid":{"rendered":"http:\/\/euwps02.tecnavia.com\/ilmercoledi\/news\/?p=15048"},"modified":"2019-01-28T16:57:33","modified_gmt":"2019-01-28T15:57:33","slug":"vinovo-muore-la-voce-storica-dellippodromo","status":"publish","type":"post","link":"https:\/\/www.ilmercoledi.news\/2019\/01\/28\/vinovo-muore-la-voce-storica-dellippodromo\/","title":{"rendered":"VINOVO &#8211; Muore la voce storica dell&#8217;ippodromo"},"content":{"rendered":"<p>Lutto nel mondo dell&#8217;ippica. Nella notte tra sabato e domenica, nella sua abitazione di Vinovo, \u00e8 mancato Franco Pinna, voce storica per decenni dell\u2019ippodromo. Grande cultore dell\u2019ippica in tutte le sue sfaccettature, grande competenza e grande voce fintanto che la salute l\u2019ha accompagnato. Negli ultimi anni innumerevoli complicazioni fisiche lo hanno allontanato dalla sua postazione e dalle corse sempre vissute sul campo all\u2019ippodromo di Vinovo. Franco per pi\u00f9 di 40 anni \u00e8 stata la \u201cvoce\u201d della piazza torinese, noto per il suo carattere non semplice e sempre pronto alla dialettica anche accesa, ha ricoperto pi\u00f9 ruoli. La veglia funebre sar\u00e0 marted\u00ec 29 gennaio alle ore 20 nella chiesa di San Bartolomeo. Il funerale mercoled\u00ec alle ore 15 presso il cimitero di Vinovo.<\/p>\n","protected":false},"excerpt":{"rendered":"","protected":false},"author":11,"featured_media":15049,"comment_status":"open","ping_status":"closed","sticky":false,"template":"","format":"standard","meta":[],"categories":[34],"tags":[],"news-destination":[],"news-source":[],"is_homepage":[],"ta_other":[],"_links":{"self":[{"href":"https:\/\/www.ilmercoledi.news\/ilmercoledi\/news\/wp-json\/wp\/v2\/posts\/15048"}],"collection":[{"href":"https:\/\/www.ilmercoledi.news\/ilmercoledi\/news\/wp-json\/wp\/v2\/posts"}],"about":[{"href":"https:\/\/www.ilmercoledi.news\/ilmercoledi\/news\/wp-json\/wp\/v2\/types\/post"}],"author":[{"embeddable":true,"href":"https:\/\/www.ilmercoledi.news\/ilmercoledi\/news\/wp-json\/wp\/v2\/users\/11"}],"replies":[{"embeddable":true,"href":"https:\/\/www.ilmercoledi.news\/ilmercoledi\/news\/wp-json\/wp\/v2\/comments?post=15048"}],"version-history":[{"count":1,"href":"https:\/\/www.ilmercoledi.news\/ilmercoledi\/news\/wp-json\/wp\/v2\/posts\/15048\/revisions"}],"predecessor-version":[{"id":15050,"href":"https:\/\/www.ilmercoledi.news\/ilmercoledi\/news\/wp-json\/wp\/v2\/posts\/15048\/revisions\/15050"}],"wp:featuredmedia":[{"embeddable":true,"href":"https:\/\/www.ilmercoledi.news\/ilmercoledi\/news\/wp-json\/wp\/v2\/media\/15049"}],"wp:attachment":[{"href":"https:\/\/www.ilmercoledi.news\/ilmercoledi\/news\/wp-json\/wp\/v2\/media?parent=15048"}],"wp:term":[{"taxonomy":"category","embeddable":true,"href":"https:\/\/www.ilmercoledi.news\/ilmercoledi\/news\/wp-json\/wp\/v2\/categories?post=15048"},{"taxonomy":"post_tag","embeddable":true,"href":"https:\/\/www.ilmercoledi.news\/ilmercoledi\/news\/wp-json\/wp\/v2\/tags?post=15048"},{"taxonomy":"news-destination","embeddable":true,"href":"https:\/\/www.ilmercoledi.news\/ilmercoledi\/news\/wp-json\/wp\/v2\/news-destination?post=15048"},{"taxonomy":"news-source","embeddable":true,"href":"https:\/\/www.ilmercoledi.news\/ilmercoledi\/news\/wp-json\/wp\/v2\/news-source?post=15048"},{"taxonomy":"is_homepage","embeddable":true,"href":"https:\/\/www.ilmercoledi.news\/ilmercoledi\/news\/wp-json\/wp\/v2\/is_homepage?post=15048"},{"taxonomy":"ta_other","embeddable":true,"href":"https:\/\/www.ilmercoledi.news\/ilmercoledi\/news\/wp-json\/wp\/v2\/ta_other?post=15048"}],"curies":[{"name":"wp","href":"https:\/\/api.w.org\/{rel}","templated":true}]}}