{"id":15053,"date":"2019-01-29T07:48:42","date_gmt":"2019-01-29T06:48:42","guid":{"rendered":"http:\/\/euwps02.tecnavia.com\/ilmercoledi\/news\/?p=15053"},"modified":"2019-01-29T07:48:45","modified_gmt":"2019-01-29T06:48:45","slug":"carmagnola-legambiente-critica-con-il-progetto-lidl","status":"publish","type":"post","link":"https:\/\/www.ilmercoledi.news\/2019\/01\/29\/carmagnola-legambiente-critica-con-il-progetto-lidl\/","title":{"rendered":"CARMAGNOLA &#8211; Legambiente critica con il progetto Lidl"},"content":{"rendered":"<p>Legambiente critica il progetto di insediamento del polo logistico Lidl a Carmagnola. L&#8217;associazione ambientalista ha infatti presentato al Comune una serie di osservazioni, legate all&#8217;impatto sul traffico e alle compensazioni ambientali previste. Secondo Legambiente infatti, serve pi\u00f9 chiarezza su quale sia il volume di traffico realmente previsto con l&#8217;apertura del sito. Il passaggio di ulteriori mezzi pesanti sul territorio pu\u00f2 aggravare la gi\u00e0 delicata situazione smog, dettata dal traffico oggi presente. E poi c&#8217;\u00e8 il capitolo delle compensazioni ambientali: secondo gli ambientalisti quelle ipotizzate non sarebbero sufficienti.<\/p>\n","protected":false},"excerpt":{"rendered":"","protected":false},"author":11,"featured_media":15054,"comment_status":"open","ping_status":"closed","sticky":false,"template":"","format":"standard","meta":[],"categories":[34],"tags":[],"news-destination":[],"news-source":[],"is_homepage":[],"ta_other":[],"_links":{"self":[{"href":"https:\/\/www.ilmercoledi.news\/ilmercoledi\/news\/wp-json\/wp\/v2\/posts\/15053"}],"collection":[{"href":"https:\/\/www.ilmercoledi.news\/ilmercoledi\/news\/wp-json\/wp\/v2\/posts"}],"about":[{"href":"https:\/\/www.ilmercoledi.news\/ilmercoledi\/news\/wp-json\/wp\/v2\/types\/post"}],"author":[{"embeddable":true,"href":"https:\/\/www.ilmercoledi.news\/ilmercoledi\/news\/wp-json\/wp\/v2\/users\/11"}],"replies":[{"embeddable":true,"href":"https:\/\/www.ilmercoledi.news\/ilmercoledi\/news\/wp-json\/wp\/v2\/comments?post=15053"}],"version-history":[{"count":1,"href":"https:\/\/www.ilmercoledi.news\/ilmercoledi\/news\/wp-json\/wp\/v2\/posts\/15053\/revisions"}],"predecessor-version":[{"id":15055,"href":"https:\/\/www.ilmercoledi.news\/ilmercoledi\/news\/wp-json\/wp\/v2\/posts\/15053\/revisions\/15055"}],"wp:featuredmedia":[{"embeddable":true,"href":"https:\/\/www.ilmercoledi.news\/ilmercoledi\/news\/wp-json\/wp\/v2\/media\/15054"}],"wp:attachment":[{"href":"https:\/\/www.ilmercoledi.news\/ilmercoledi\/news\/wp-json\/wp\/v2\/media?parent=15053"}],"wp:term":[{"taxonomy":"category","embeddable":true,"href":"https:\/\/www.ilmercoledi.news\/ilmercoledi\/news\/wp-json\/wp\/v2\/categories?post=15053"},{"taxonomy":"post_tag","embeddable":true,"href":"https:\/\/www.ilmercoledi.news\/ilmercoledi\/news\/wp-json\/wp\/v2\/tags?post=15053"},{"taxonomy":"news-destination","embeddable":true,"href":"https:\/\/www.ilmercoledi.news\/ilmercoledi\/news\/wp-json\/wp\/v2\/news-destination?post=15053"},{"taxonomy":"news-source","embeddable":true,"href":"https:\/\/www.ilmercoledi.news\/ilmercoledi\/news\/wp-json\/wp\/v2\/news-source?post=15053"},{"taxonomy":"is_homepage","embeddable":true,"href":"https:\/\/www.ilmercoledi.news\/ilmercoledi\/news\/wp-json\/wp\/v2\/is_homepage?post=15053"},{"taxonomy":"ta_other","embeddable":true,"href":"https:\/\/www.ilmercoledi.news\/ilmercoledi\/news\/wp-json\/wp\/v2\/ta_other?post=15053"}],"curies":[{"name":"wp","href":"https:\/\/api.w.org\/{rel}","templated":true}]}}