{"id":15069,"date":"2019-01-29T15:09:51","date_gmt":"2019-01-29T14:09:51","guid":{"rendered":"http:\/\/euwps02.tecnavia.com\/ilmercoledi\/news\/?p=15069"},"modified":"2019-01-29T15:09:53","modified_gmt":"2019-01-29T14:09:53","slug":"nichelino-conto-alla-rovescia-per-la-sfilata-del-carnevale","status":"publish","type":"post","link":"https:\/\/www.ilmercoledi.news\/2019\/01\/29\/nichelino-conto-alla-rovescia-per-la-sfilata-del-carnevale\/","title":{"rendered":"NICHELINO &#8211; Conto alla rovescia per la sfilata del carnevale"},"content":{"rendered":"<p>Terza edizione per il Carnevale nichelinese, che sar\u00e0 organizzato dalla Citt\u00e0 di Nichelino\u00a0in collaborazione con Ascom Moncalieri, Associazione &#8220;Stupinigi \u00e8 &#8230;&#8221; con il gruppo &#8220;Patela Vache&#8221;, e Gruppo Storico Conte Occelli. Tante le novit\u00e0 in programma. La prima: la festa si moltiplica per tre giornate. Non solo: per la prima volta la Citt\u00e0 di Nichelino avr\u00e0 due carri, realizzati dal gruppo &#8220;Patela Vache&#8221; dell&#8217;Associazione &#8220;Stupinigi \u00e8&#8230;.&#8221;, e maschere ufficiali (Mons\u00f9 Panat\u00e9 e Madama Farina), che sfileranno domenica 17, insieme a numerosi altri carri provenienti da tutto il Piemonte.\u00a0Si comincia venerd\u00ec 15, dalle 19.30 alla Bocciofila di via Giacosa 16, con la festa in maschera aperta a tutti gli interessati e apericena (prenotazione obbligatoria telefonando al 320\/4518573), cui seguir\u00e0 una serata danzante in maschera con i gruppi musicali &#8220;Pensiero vagabondo&#8221; e &#8220;Mode in 3.0&#8221;.\u00a0Sabato 16 sar\u00e0 il giorno dedicato ai bimbi con, alle 16.30, il Carnevale dei bambini in piazza Di Vittorio. Alle 15.30 invece la presentazione ufficiale del carro &#8220;Tec&#8230;No&#8230;Logica&#8221; rappresentativo di Nichelino e Stupinigi. Poi musica con il Dj set Scalum, intrattenimenti e animazione con maschere di famosi personaggi per bambini, bancarelle, dolciumi, e &#8220;chiacchiere&#8221; (i dolci conosciuti anche come &#8220;bugie&#8221;) gratuite offerte da Unes Nichelino e t\u00e8 caldo offerto da Euroristorazione, con distribuzione a cura dei volontari dell&#8217;AVIS Nichelino. Parteciperanno le parrocchie e le associazioni del territorio, e sar\u00e0 premiata la maschera pi\u00f9 originale. In caso di maltempo, l&#8217;evento si svolger\u00e0 domenica 17 alle 11.\u00a0Domenica 17, dalle 14.30, partir\u00e0 la sfilata dei carri, presentata da\u00a0Elia Tarantino\u00a0e da Andrea De Marchi, che percorrer\u00e0 via Torino (nel tratto compreso fra gli incroci con via Occelli e via XXV Aprile), poi via XXV Aprile, e quindi via San Matteo fino alla conclusione in piazza Polesani nel Mondo. I carri partecipanti provengono da Carmagnola, Scalenghe, Luserna, Borgaretto, Santena, Cambiano, Peveragno, Racconigi, Reano Val Sangone, Centallo, Piobesi, Roletto, Carmagnola Borgo Salsasio, oltre naturalmente a Nichelino. Ci sar\u00e0 inoltre la consegna delle chiavi della citt\u00e0 a Mons\u00f9 Panat\u00e9 e Madama Farina, le due maschere nichelinesi. Per permettere lo svolgimento della sfilata, \u00e8 previsto, nel tratto interessato dal passaggio, la chiusura totale al traffico veicolare, con divieto di sosta e fermata (con rimozione forzata) in orario 14 &#8211; 19. In caso di maltempo, la sfilata dei carri sar\u00e0 rinviata a sabato 23 febbraio con programma immutato. In aggiunta alla tre giorni di met\u00e0 febbraio, \u00e8 previsto il Carnevale della terza et\u00e0 con il ballo liscio in maschera: si svolger\u00e0 sabato 9 febbraio al Centro Grosa a partire dalle 17.<\/p>\n","protected":false},"excerpt":{"rendered":"","protected":false},"author":11,"featured_media":2669,"comment_status":"open","ping_status":"closed","sticky":false,"template":"","format":"standard","meta":[],"categories":[34],"tags":[],"news-destination":[],"news-source":[],"is_homepage":[],"ta_other":[],"_links":{"self":[{"href":"https:\/\/www.ilmercoledi.news\/ilmercoledi\/news\/wp-json\/wp\/v2\/posts\/15069"}],"collection":[{"href":"https:\/\/www.ilmercoledi.news\/ilmercoledi\/news\/wp-json\/wp\/v2\/posts"}],"about":[{"href":"https:\/\/www.ilmercoledi.news\/ilmercoledi\/news\/wp-json\/wp\/v2\/types\/post"}],"author":[{"embeddable":true,"href":"https:\/\/www.ilmercoledi.news\/ilmercoledi\/news\/wp-json\/wp\/v2\/users\/11"}],"replies":[{"embeddable":true,"href":"https:\/\/www.ilmercoledi.news\/ilmercoledi\/news\/wp-json\/wp\/v2\/comments?post=15069"}],"version-history":[{"count":1,"href":"https:\/\/www.ilmercoledi.news\/ilmercoledi\/news\/wp-json\/wp\/v2\/posts\/15069\/revisions"}],"predecessor-version":[{"id":15070,"href":"https:\/\/www.ilmercoledi.news\/ilmercoledi\/news\/wp-json\/wp\/v2\/posts\/15069\/revisions\/15070"}],"wp:featuredmedia":[{"embeddable":true,"href":"https:\/\/www.ilmercoledi.news\/ilmercoledi\/news\/wp-json\/wp\/v2\/media\/2669"}],"wp:attachment":[{"href":"https:\/\/www.ilmercoledi.news\/ilmercoledi\/news\/wp-json\/wp\/v2\/media?parent=15069"}],"wp:term":[{"taxonomy":"category","embeddable":true,"href":"https:\/\/www.ilmercoledi.news\/ilmercoledi\/news\/wp-json\/wp\/v2\/categories?post=15069"},{"taxonomy":"post_tag","embeddable":true,"href":"https:\/\/www.ilmercoledi.news\/ilmercoledi\/news\/wp-json\/wp\/v2\/tags?post=15069"},{"taxonomy":"news-destination","embeddable":true,"href":"https:\/\/www.ilmercoledi.news\/ilmercoledi\/news\/wp-json\/wp\/v2\/news-destination?post=15069"},{"taxonomy":"news-source","embeddable":true,"href":"https:\/\/www.ilmercoledi.news\/ilmercoledi\/news\/wp-json\/wp\/v2\/news-source?post=15069"},{"taxonomy":"is_homepage","embeddable":true,"href":"https:\/\/www.ilmercoledi.news\/ilmercoledi\/news\/wp-json\/wp\/v2\/is_homepage?post=15069"},{"taxonomy":"ta_other","embeddable":true,"href":"https:\/\/www.ilmercoledi.news\/ilmercoledi\/news\/wp-json\/wp\/v2\/ta_other?post=15069"}],"curies":[{"name":"wp","href":"https:\/\/api.w.org\/{rel}","templated":true}]}}