{"id":15073,"date":"2019-01-29T15:16:38","date_gmt":"2019-01-29T14:16:38","guid":{"rendered":"http:\/\/euwps02.tecnavia.com\/ilmercoledi\/news\/?p=15073"},"modified":"2019-01-29T15:16:41","modified_gmt":"2019-01-29T14:16:41","slug":"moncalieri-le-prime-anticipazioni-sul-premio-della-rosa","status":"publish","type":"post","link":"https:\/\/www.ilmercoledi.news\/2019\/01\/29\/moncalieri-le-prime-anticipazioni-sul-premio-della-rosa\/","title":{"rendered":"MONCALIERI &#8211; Le prime anticipazioni sul premio della Rosa"},"content":{"rendered":"<p>Il Premio della Rosa \u201cPrincipessa Maria Letizia\u201d, in calendario al Castello Reale di Moncalieri nel weekend 1-2 giugno, svela le prime anticipazioni. La terza edizione del concorso sar\u00e0 il tema\u00a0\u00a0dell\u2019incontro \u201cAspettando il Premio della Rosa\u201d, venerd\u00ec 1\u00b0 febbraio alle 17,30 in biblioteca con il presidente della giuria Marco Devecchi, agronomo e docente all\u2019Universita\u2019 di Torino. A seguire l\u2019esperta di giardini Simonetta Chiarugi sveler\u00e0 le virt\u00f9 delle bacche delle rose di inverno in dialogo con l\u2019architetto Cristiana Ruspa di Giardino Segreto. Confermata per giugno la location del Giardino delle Rose al Castello Reale, gi\u00e0 sede dei primi concorsi per decidere la rosa pi\u00f9 bella voluti da Maria Letizia di Savoia, ultima inquilina di sangue reale del Castello nel secolo scorso.<\/p>\n<p>Dal Giardino delle Rose a un altro giardino: quello di Villa Silvio Pellico, creato tra il 1956 e il 1959 da Russell Page, paesaggista britannico su cui Raimonda Lanza di Trabia terr\u00e0 una conferenza gioved\u00ec 31 gennaio alle 17,30 terr\u00e0 una conferenza dal titolo \u201cIl genio di Russell Page (1906-1985). Lo strepitoso creatore di giardini\u201d.\u00a0 Entrambi gli appuntamenti si terranno nella biblioteca civica di via Cavour 31 a Moncalieri.<\/p>\n","protected":false},"excerpt":{"rendered":"","protected":false},"author":11,"featured_media":7318,"comment_status":"open","ping_status":"closed","sticky":false,"template":"","format":"standard","meta":[],"categories":[34],"tags":[],"news-destination":[],"news-source":[],"is_homepage":[],"ta_other":[],"_links":{"self":[{"href":"https:\/\/www.ilmercoledi.news\/ilmercoledi\/news\/wp-json\/wp\/v2\/posts\/15073"}],"collection":[{"href":"https:\/\/www.ilmercoledi.news\/ilmercoledi\/news\/wp-json\/wp\/v2\/posts"}],"about":[{"href":"https:\/\/www.ilmercoledi.news\/ilmercoledi\/news\/wp-json\/wp\/v2\/types\/post"}],"author":[{"embeddable":true,"href":"https:\/\/www.ilmercoledi.news\/ilmercoledi\/news\/wp-json\/wp\/v2\/users\/11"}],"replies":[{"embeddable":true,"href":"https:\/\/www.ilmercoledi.news\/ilmercoledi\/news\/wp-json\/wp\/v2\/comments?post=15073"}],"version-history":[{"count":1,"href":"https:\/\/www.ilmercoledi.news\/ilmercoledi\/news\/wp-json\/wp\/v2\/posts\/15073\/revisions"}],"predecessor-version":[{"id":15074,"href":"https:\/\/www.ilmercoledi.news\/ilmercoledi\/news\/wp-json\/wp\/v2\/posts\/15073\/revisions\/15074"}],"wp:featuredmedia":[{"embeddable":true,"href":"https:\/\/www.ilmercoledi.news\/ilmercoledi\/news\/wp-json\/wp\/v2\/media\/7318"}],"wp:attachment":[{"href":"https:\/\/www.ilmercoledi.news\/ilmercoledi\/news\/wp-json\/wp\/v2\/media?parent=15073"}],"wp:term":[{"taxonomy":"category","embeddable":true,"href":"https:\/\/www.ilmercoledi.news\/ilmercoledi\/news\/wp-json\/wp\/v2\/categories?post=15073"},{"taxonomy":"post_tag","embeddable":true,"href":"https:\/\/www.ilmercoledi.news\/ilmercoledi\/news\/wp-json\/wp\/v2\/tags?post=15073"},{"taxonomy":"news-destination","embeddable":true,"href":"https:\/\/www.ilmercoledi.news\/ilmercoledi\/news\/wp-json\/wp\/v2\/news-destination?post=15073"},{"taxonomy":"news-source","embeddable":true,"href":"https:\/\/www.ilmercoledi.news\/ilmercoledi\/news\/wp-json\/wp\/v2\/news-source?post=15073"},{"taxonomy":"is_homepage","embeddable":true,"href":"https:\/\/www.ilmercoledi.news\/ilmercoledi\/news\/wp-json\/wp\/v2\/is_homepage?post=15073"},{"taxonomy":"ta_other","embeddable":true,"href":"https:\/\/www.ilmercoledi.news\/ilmercoledi\/news\/wp-json\/wp\/v2\/ta_other?post=15073"}],"curies":[{"name":"wp","href":"https:\/\/api.w.org\/{rel}","templated":true}]}}