{"id":15078,"date":"2019-01-29T16:03:55","date_gmt":"2019-01-29T15:03:55","guid":{"rendered":"http:\/\/euwps02.tecnavia.com\/ilmercoledi\/news\/?p=15078"},"modified":"2019-01-29T16:03:57","modified_gmt":"2019-01-29T15:03:57","slug":"laurea-honoris-causa-ad-ugo-nespolo","status":"publish","type":"post","link":"https:\/\/www.ilmercoledi.news\/2019\/01\/29\/laurea-honoris-causa-ad-ugo-nespolo\/","title":{"rendered":"Laurea honoris causa ad Ugo Nespolo"},"content":{"rendered":"<p><strong>Oggi, marted\u00ec 29 gennaio,\u00a0<\/strong>nell&#8217;<strong>Aula Magna della Cavallerizza Reale<\/strong>, <strong>il Rettore dell\u2019Universit\u00e0 di Torino<\/strong>\u00a0<strong>Gianmaria<\/strong> <strong>Ajani<\/strong>, <strong>ha conferito la Laurea honoris causa<\/strong> <strong>in Filosofia all\u2019artista Ugo Nespolo,<\/strong> \u2018per una attivit\u00e0 artistica che, sull\u2019arco di mezzo secolo, si \u00e8 appoggiata a una robusta riflessione teorica da cui ha tratto ispirazione, variet\u00e0 e nutrimento&#8217;. Nespolo \u00e8 attualmente la pi\u00f9 \u201calta autorit\u00e0\u201d patafisica italiana. Ha fondato con Baj l\u2019Istituto Patafisico Ticinese e si onora di avere il proprio diploma firmato da Raymond Quenau che aveva apprezzato un piccolo libro di logica formale scritto da Nespolo e stampato dall\u2019Editore Schwarz nel 1968. Ha esposto con intensit\u00e0 in gallerie e Musei in Italia e nel Mondo.<\/p>\n","protected":false},"excerpt":{"rendered":"","protected":false},"author":7,"featured_media":15079,"comment_status":"open","ping_status":"closed","sticky":false,"template":"","format":"standard","meta":[],"categories":[9],"tags":[],"news-destination":[],"news-source":[],"is_homepage":[],"ta_other":[],"_links":{"self":[{"href":"https:\/\/www.ilmercoledi.news\/ilmercoledi\/news\/wp-json\/wp\/v2\/posts\/15078"}],"collection":[{"href":"https:\/\/www.ilmercoledi.news\/ilmercoledi\/news\/wp-json\/wp\/v2\/posts"}],"about":[{"href":"https:\/\/www.ilmercoledi.news\/ilmercoledi\/news\/wp-json\/wp\/v2\/types\/post"}],"author":[{"embeddable":true,"href":"https:\/\/www.ilmercoledi.news\/ilmercoledi\/news\/wp-json\/wp\/v2\/users\/7"}],"replies":[{"embeddable":true,"href":"https:\/\/www.ilmercoledi.news\/ilmercoledi\/news\/wp-json\/wp\/v2\/comments?post=15078"}],"version-history":[{"count":1,"href":"https:\/\/www.ilmercoledi.news\/ilmercoledi\/news\/wp-json\/wp\/v2\/posts\/15078\/revisions"}],"predecessor-version":[{"id":15080,"href":"https:\/\/www.ilmercoledi.news\/ilmercoledi\/news\/wp-json\/wp\/v2\/posts\/15078\/revisions\/15080"}],"wp:featuredmedia":[{"embeddable":true,"href":"https:\/\/www.ilmercoledi.news\/ilmercoledi\/news\/wp-json\/wp\/v2\/media\/15079"}],"wp:attachment":[{"href":"https:\/\/www.ilmercoledi.news\/ilmercoledi\/news\/wp-json\/wp\/v2\/media?parent=15078"}],"wp:term":[{"taxonomy":"category","embeddable":true,"href":"https:\/\/www.ilmercoledi.news\/ilmercoledi\/news\/wp-json\/wp\/v2\/categories?post=15078"},{"taxonomy":"post_tag","embeddable":true,"href":"https:\/\/www.ilmercoledi.news\/ilmercoledi\/news\/wp-json\/wp\/v2\/tags?post=15078"},{"taxonomy":"news-destination","embeddable":true,"href":"https:\/\/www.ilmercoledi.news\/ilmercoledi\/news\/wp-json\/wp\/v2\/news-destination?post=15078"},{"taxonomy":"news-source","embeddable":true,"href":"https:\/\/www.ilmercoledi.news\/ilmercoledi\/news\/wp-json\/wp\/v2\/news-source?post=15078"},{"taxonomy":"is_homepage","embeddable":true,"href":"https:\/\/www.ilmercoledi.news\/ilmercoledi\/news\/wp-json\/wp\/v2\/is_homepage?post=15078"},{"taxonomy":"ta_other","embeddable":true,"href":"https:\/\/www.ilmercoledi.news\/ilmercoledi\/news\/wp-json\/wp\/v2\/ta_other?post=15078"}],"curies":[{"name":"wp","href":"https:\/\/api.w.org\/{rel}","templated":true}]}}