{"id":15119,"date":"2019-01-31T07:57:03","date_gmt":"2019-01-31T06:57:03","guid":{"rendered":"http:\/\/euwps02.tecnavia.com\/ilmercoledi\/news\/?p=15119"},"modified":"2019-01-31T07:57:06","modified_gmt":"2019-01-31T06:57:06","slug":"vinovo-la-stagione-delle-corse-parte-il-15-febbraio","status":"publish","type":"post","link":"https:\/\/www.ilmercoledi.news\/2019\/01\/31\/vinovo-la-stagione-delle-corse-parte-il-15-febbraio\/","title":{"rendered":"VINOVO &#8211; La stagione delle corse parte il 15 febbraio"},"content":{"rendered":"<p>La prima riunione di corse per l\u2019anno 2019 all\u2019ippodromo di Vinovo \u00e8 prevista per venerd\u00ec 15 febbraio. Con una nota ufficiale del Ministero \u00e8 stato ufficializzato che, come da richiesta di HippoGroup Torinese s.p.a., l\u2019inizio della stagione \u00e8 stata posticipato di quindici giorni per permettere una copertura pi\u00f9 omogenea dei mesi a venire. Le previste date dell\u20191 e dell\u20198 febbraio sono state spostate al 23 e al 30 settembre. Corse a febbraio saranno il venerd\u00ec 15 e venerd\u00ec 22. In entrambe le date a Torino \u00e8 prevista la corsa Tris Quarte Quinte. Per i mesi di marzo e aprile, la programmazione dovrebbe poi seguire quella gi\u00e0 diramata a fine dicembre dal MIPAAFT con 4 giornate di corse a marzo e 5 ad aprile.<\/p>\n","protected":false},"excerpt":{"rendered":"","protected":false},"author":11,"featured_media":4906,"comment_status":"open","ping_status":"closed","sticky":false,"template":"","format":"standard","meta":[],"categories":[34],"tags":[],"news-destination":[],"news-source":[],"is_homepage":[],"ta_other":[],"_links":{"self":[{"href":"https:\/\/www.ilmercoledi.news\/ilmercoledi\/news\/wp-json\/wp\/v2\/posts\/15119"}],"collection":[{"href":"https:\/\/www.ilmercoledi.news\/ilmercoledi\/news\/wp-json\/wp\/v2\/posts"}],"about":[{"href":"https:\/\/www.ilmercoledi.news\/ilmercoledi\/news\/wp-json\/wp\/v2\/types\/post"}],"author":[{"embeddable":true,"href":"https:\/\/www.ilmercoledi.news\/ilmercoledi\/news\/wp-json\/wp\/v2\/users\/11"}],"replies":[{"embeddable":true,"href":"https:\/\/www.ilmercoledi.news\/ilmercoledi\/news\/wp-json\/wp\/v2\/comments?post=15119"}],"version-history":[{"count":1,"href":"https:\/\/www.ilmercoledi.news\/ilmercoledi\/news\/wp-json\/wp\/v2\/posts\/15119\/revisions"}],"predecessor-version":[{"id":15120,"href":"https:\/\/www.ilmercoledi.news\/ilmercoledi\/news\/wp-json\/wp\/v2\/posts\/15119\/revisions\/15120"}],"wp:featuredmedia":[{"embeddable":true,"href":"https:\/\/www.ilmercoledi.news\/ilmercoledi\/news\/wp-json\/wp\/v2\/media\/4906"}],"wp:attachment":[{"href":"https:\/\/www.ilmercoledi.news\/ilmercoledi\/news\/wp-json\/wp\/v2\/media?parent=15119"}],"wp:term":[{"taxonomy":"category","embeddable":true,"href":"https:\/\/www.ilmercoledi.news\/ilmercoledi\/news\/wp-json\/wp\/v2\/categories?post=15119"},{"taxonomy":"post_tag","embeddable":true,"href":"https:\/\/www.ilmercoledi.news\/ilmercoledi\/news\/wp-json\/wp\/v2\/tags?post=15119"},{"taxonomy":"news-destination","embeddable":true,"href":"https:\/\/www.ilmercoledi.news\/ilmercoledi\/news\/wp-json\/wp\/v2\/news-destination?post=15119"},{"taxonomy":"news-source","embeddable":true,"href":"https:\/\/www.ilmercoledi.news\/ilmercoledi\/news\/wp-json\/wp\/v2\/news-source?post=15119"},{"taxonomy":"is_homepage","embeddable":true,"href":"https:\/\/www.ilmercoledi.news\/ilmercoledi\/news\/wp-json\/wp\/v2\/is_homepage?post=15119"},{"taxonomy":"ta_other","embeddable":true,"href":"https:\/\/www.ilmercoledi.news\/ilmercoledi\/news\/wp-json\/wp\/v2\/ta_other?post=15119"}],"curies":[{"name":"wp","href":"https:\/\/api.w.org\/{rel}","templated":true}]}}