{"id":15160,"date":"2019-01-31T18:55:39","date_gmt":"2019-01-31T17:55:39","guid":{"rendered":"http:\/\/euwps02.tecnavia.com\/ilmercoledi\/news\/?p=15160"},"modified":"2019-01-31T18:55:42","modified_gmt":"2019-01-31T17:55:42","slug":"dal-4-all8-febbraio-chiude-la-strada-provinciale-47-della-val-soana","status":"publish","type":"post","link":"https:\/\/www.ilmercoledi.news\/2019\/01\/31\/dal-4-all8-febbraio-chiude-la-strada-provinciale-47-della-val-soana\/","title":{"rendered":"Dal 4 all\u20198 febbraio chiude la strada provinciale 47 della Val Soana"},"content":{"rendered":"<p>Stop per lavori al traffico sulla strada provinciale 47 della Val Soana tra il 4 febbraio (dalle 9) all\u20198 febbraio (fino alle 16), nel tratto compreso tra il km 0+650 e il Km. 0+750.<\/p>\n<p>La sospensione della circolazione riguarda tutti i mezzi di trasporto, eccetto quelli pubblici e lo scuolabus, i mezzi di soccorso e di pubblica sicurezza, ma non sar\u00e0 un blocco totale, bens\u00ec a intermittenza: sar\u00e0 effettuata in intervalli mai superiori a un\u2019ora con riaperture di minimo 15-20 minuti: la chiusura verr\u00e0 presegnalata da apposita cartellonistica.<\/p>\n","protected":false},"excerpt":{"rendered":"","protected":false},"author":4,"featured_media":8381,"comment_status":"open","ping_status":"closed","sticky":false,"template":"","format":"standard","meta":[],"categories":[8],"tags":[],"news-destination":[],"news-source":[],"is_homepage":[],"ta_other":[],"_links":{"self":[{"href":"https:\/\/www.ilmercoledi.news\/ilmercoledi\/news\/wp-json\/wp\/v2\/posts\/15160"}],"collection":[{"href":"https:\/\/www.ilmercoledi.news\/ilmercoledi\/news\/wp-json\/wp\/v2\/posts"}],"about":[{"href":"https:\/\/www.ilmercoledi.news\/ilmercoledi\/news\/wp-json\/wp\/v2\/types\/post"}],"author":[{"embeddable":true,"href":"https:\/\/www.ilmercoledi.news\/ilmercoledi\/news\/wp-json\/wp\/v2\/users\/4"}],"replies":[{"embeddable":true,"href":"https:\/\/www.ilmercoledi.news\/ilmercoledi\/news\/wp-json\/wp\/v2\/comments?post=15160"}],"version-history":[{"count":1,"href":"https:\/\/www.ilmercoledi.news\/ilmercoledi\/news\/wp-json\/wp\/v2\/posts\/15160\/revisions"}],"predecessor-version":[{"id":15161,"href":"https:\/\/www.ilmercoledi.news\/ilmercoledi\/news\/wp-json\/wp\/v2\/posts\/15160\/revisions\/15161"}],"wp:featuredmedia":[{"embeddable":true,"href":"https:\/\/www.ilmercoledi.news\/ilmercoledi\/news\/wp-json\/wp\/v2\/media\/8381"}],"wp:attachment":[{"href":"https:\/\/www.ilmercoledi.news\/ilmercoledi\/news\/wp-json\/wp\/v2\/media?parent=15160"}],"wp:term":[{"taxonomy":"category","embeddable":true,"href":"https:\/\/www.ilmercoledi.news\/ilmercoledi\/news\/wp-json\/wp\/v2\/categories?post=15160"},{"taxonomy":"post_tag","embeddable":true,"href":"https:\/\/www.ilmercoledi.news\/ilmercoledi\/news\/wp-json\/wp\/v2\/tags?post=15160"},{"taxonomy":"news-destination","embeddable":true,"href":"https:\/\/www.ilmercoledi.news\/ilmercoledi\/news\/wp-json\/wp\/v2\/news-destination?post=15160"},{"taxonomy":"news-source","embeddable":true,"href":"https:\/\/www.ilmercoledi.news\/ilmercoledi\/news\/wp-json\/wp\/v2\/news-source?post=15160"},{"taxonomy":"is_homepage","embeddable":true,"href":"https:\/\/www.ilmercoledi.news\/ilmercoledi\/news\/wp-json\/wp\/v2\/is_homepage?post=15160"},{"taxonomy":"ta_other","embeddable":true,"href":"https:\/\/www.ilmercoledi.news\/ilmercoledi\/news\/wp-json\/wp\/v2\/ta_other?post=15160"}],"curies":[{"name":"wp","href":"https:\/\/api.w.org\/{rel}","templated":true}]}}