{"id":1519,"date":"2018-01-19T09:49:59","date_gmt":"2018-01-19T08:49:59","guid":{"rendered":"http:\/\/euwps02.tecnavia.com\/ilmercoledi\/news\/?p=1519"},"modified":"2018-02-08T07:58:37","modified_gmt":"2018-02-08T06:58:37","slug":"passeggiata-pralormo-aspettando-la-merla","status":"publish","type":"post","link":"https:\/\/www.ilmercoledi.news\/2018\/01\/19\/passeggiata-pralormo-aspettando-la-merla\/","title":{"rendered":"Passeggiata a Pralormo aspettando la \u00abMerla\u00bb"},"content":{"rendered":"<p>PRALORMO &#8211; Una camminata a Pralormo per aspettare la \u00abMerla\u00bb andando a spasso tra campi e boschi del Pianalto. Domenica 28 gennaio, si riparte con la prima passeggiata del progetto Sentiero Verde 2018 di Camminare lentamente, in collaborazione con il Comune e la Proloco di Pralormo. PROGRAMMA: alle\u00a013:15 ritrovo in Piazza Risorgimento davanti alla \u00abCaffetteria delle Delizie\u00bb; \u00a0alle 14 partenza per il giro e rientro previsto intorno alle 17:30.\u00a0Durata: tre ore, luogo di partenza Pralormo.<\/p>\n<p>I camminatori avranno modo di cimentarsi in un percorso ad anello di circa 9 km con partenza dalla chiesetta di S. Rocco e S. Bartolomeo in compagnia del Sindaco che illustrer\u00e0 gli edifici storici e le principali ricchezze del territorio. Poi si salir\u00e0 lungo via Umberto I in direzione del castello e proseguiremo per il centro storico dove sar\u00e0 possibile ammirare la torre di segnalazione (ora torre campanaria), l\u2019antica Parrocchiale e l\u2019attuale Parrocchia di S. Donato; da qui ci proceder\u00e0, prima su via Piave e poi su strada del Caramello, fino a giungere al Santuario della Santa Maria della Spina, dove verr\u00e0 fatta una tappa. Alla ripartenza di andr\u00e0 in direzione di S. Vito sulla strada del Santuario per poi inoltrarsi a sinistra nel folto del bosco fino a raggiungere la S.P.134, che verr\u00e0 percorsa per un breve tratto, per poi scendere a destra sulla strada della Fiorentina e, tramite via Roma, fare ritorno al paese dove ad attendere i camminatori ci sar\u00e0 un caldo ristoro presso il salone della Proloco. Cammino accessibile a tutti con un dislivello massimo di circa cento metri, si consiglia abbigliamento adeguato alla stagione e si raccomanda vivamente l\u2019utilizzo di scarpe da trekking, poich\u00e9 il percorso, in parte su sentieri sterrati, pu\u00f2 presentare tratti leggermente fangosi, dovuti alle condizioni meteorologiche e alla morfologia del terreno. La partecipazione alle iniziative di Camminare lentamente \u00e8 riservata ai soci. Tessera annuale socio ordinario: 8\u20ac Tessera annuale socio sostenitore: 25\u20ac Tessera annuale minori di 18 anni: gratuita. Costo passeggiata per i gi\u00e0 tesserati: 3\u20ac INFO ed ISCRIZIONI (entro il 26 gennaio):\u00a0347 5990450\u00a0\u2013 3806835571 camminarelentamente2@gmail.com www.camminarelentamente.it.<\/p>\n","protected":false},"excerpt":{"rendered":"","protected":false},"author":10,"featured_media":1520,"comment_status":"open","ping_status":"closed","sticky":false,"template":"","format":"standard","meta":[],"categories":[1],"tags":[],"news-destination":[],"news-source":[],"is_homepage":[],"ta_other":[],"_links":{"self":[{"href":"https:\/\/www.ilmercoledi.news\/ilmercoledi\/news\/wp-json\/wp\/v2\/posts\/1519"}],"collection":[{"href":"https:\/\/www.ilmercoledi.news\/ilmercoledi\/news\/wp-json\/wp\/v2\/posts"}],"about":[{"href":"https:\/\/www.ilmercoledi.news\/ilmercoledi\/news\/wp-json\/wp\/v2\/types\/post"}],"author":[{"embeddable":true,"href":"https:\/\/www.ilmercoledi.news\/ilmercoledi\/news\/wp-json\/wp\/v2\/users\/10"}],"replies":[{"embeddable":true,"href":"https:\/\/www.ilmercoledi.news\/ilmercoledi\/news\/wp-json\/wp\/v2\/comments?post=1519"}],"version-history":[{"count":1,"href":"https:\/\/www.ilmercoledi.news\/ilmercoledi\/news\/wp-json\/wp\/v2\/posts\/1519\/revisions"}],"predecessor-version":[{"id":1521,"href":"https:\/\/www.ilmercoledi.news\/ilmercoledi\/news\/wp-json\/wp\/v2\/posts\/1519\/revisions\/1521"}],"wp:featuredmedia":[{"embeddable":true,"href":"https:\/\/www.ilmercoledi.news\/ilmercoledi\/news\/wp-json\/wp\/v2\/media\/1520"}],"wp:attachment":[{"href":"https:\/\/www.ilmercoledi.news\/ilmercoledi\/news\/wp-json\/wp\/v2\/media?parent=1519"}],"wp:term":[{"taxonomy":"category","embeddable":true,"href":"https:\/\/www.ilmercoledi.news\/ilmercoledi\/news\/wp-json\/wp\/v2\/categories?post=1519"},{"taxonomy":"post_tag","embeddable":true,"href":"https:\/\/www.ilmercoledi.news\/ilmercoledi\/news\/wp-json\/wp\/v2\/tags?post=1519"},{"taxonomy":"news-destination","embeddable":true,"href":"https:\/\/www.ilmercoledi.news\/ilmercoledi\/news\/wp-json\/wp\/v2\/news-destination?post=1519"},{"taxonomy":"news-source","embeddable":true,"href":"https:\/\/www.ilmercoledi.news\/ilmercoledi\/news\/wp-json\/wp\/v2\/news-source?post=1519"},{"taxonomy":"is_homepage","embeddable":true,"href":"https:\/\/www.ilmercoledi.news\/ilmercoledi\/news\/wp-json\/wp\/v2\/is_homepage?post=1519"},{"taxonomy":"ta_other","embeddable":true,"href":"https:\/\/www.ilmercoledi.news\/ilmercoledi\/news\/wp-json\/wp\/v2\/ta_other?post=1519"}],"curies":[{"name":"wp","href":"https:\/\/api.w.org\/{rel}","templated":true}]}}