{"id":15199,"date":"2019-02-01T17:57:29","date_gmt":"2019-02-01T16:57:29","guid":{"rendered":"http:\/\/euwps02.tecnavia.com\/ilmercoledi\/news\/?p=15199"},"modified":"2019-02-01T17:57:31","modified_gmt":"2019-02-01T16:57:31","slug":"la-neve-ferma-il-calcio-nel-week-end-sospesa-tutta-lattivita-della-figc-regionale","status":"publish","type":"post","link":"https:\/\/www.ilmercoledi.news\/2019\/02\/01\/la-neve-ferma-il-calcio-nel-week-end-sospesa-tutta-lattivita-della-figc-regionale\/","title":{"rendered":"La neve ferma il calcio. Nel week-end sospesa tutta l&#8217;attivit\u00e0 della Figc Regionale"},"content":{"rendered":"<p>Maltempo &#8211; Calcio 1-0. Ecco il comunicato comparso oggi, venerd\u00ec, sul sito del Comitato Regionale Piemontese (http:\/\/piemontevda.lnd.it\/) che sospende in toto l&#8217;attivit\u00e0 prevista per il fine settimana sui campi della regione.<\/p>\n<p><em>&#8220;Le risultanze emerse a seguito del monitoraggio avviato da questo Comitato Regionale hanno evidenziato in queste ultime ore che le avverse precipitazioni nevose iniziate nella serata di ieri stanno interessando l\u2019intero territorio piemontese e valdostano, determinando difficolt\u00e0 di percorrenza nelle arterie stradali ed autostradali e la quasi totale impraticabilit\u00e0 dei terreni di giuoco.<\/em><\/p>\n<p><em><strong>L\u2019attivit\u00e0 ufficiale<\/strong>\u00a0dei Campionati e Tornei Regionali sia di Lega che di Settore Giovanile e Scolastico programmata nelle giornate di\u00a0<strong>Sabato 2, Domenica 3 e Luned\u00ec 4 Febbraio 2019 viene pertanto rinviata a Sabato 9, Domenica 10 e Luned\u00ec 11 Febbraio 2019<\/strong>, fermo restando che il Comitato Regionale si riserva la facolt\u00e0 di effettuare nei prossimi giorni opportune verifiche sullo stato di consistenza dei terreni di gioco in considerazione del perdurarsi delle avverse condizioni climatiche.<\/em><\/p>\n<p><em>Si precisa che la ripresa del Campionato di Seconda categoria verr\u00e0 programmata per il 17 Febbraio 2019 al fine di garantire il pi\u00f9 possibile le alternanze sui campi delle Societ\u00e0 appartenenti alle categorie superiori, ma anche in questo caso si terr\u00e0 conto di eventuali ed ulteriori differimenti per le motivazioni pi\u00f9 sopra specificate.<\/em><\/p>\n<p><em>L\u2019attivit\u00e0 di calcio a cinque resta in calendario come da programma gare&#8221;<\/em>.<\/p>\n","protected":false},"excerpt":{"rendered":"","protected":false},"author":9,"featured_media":15200,"comment_status":"open","ping_status":"closed","sticky":false,"template":"","format":"standard","meta":[],"categories":[10],"tags":[],"news-destination":[],"news-source":[],"is_homepage":[],"ta_other":[],"_links":{"self":[{"href":"https:\/\/www.ilmercoledi.news\/ilmercoledi\/news\/wp-json\/wp\/v2\/posts\/15199"}],"collection":[{"href":"https:\/\/www.ilmercoledi.news\/ilmercoledi\/news\/wp-json\/wp\/v2\/posts"}],"about":[{"href":"https:\/\/www.ilmercoledi.news\/ilmercoledi\/news\/wp-json\/wp\/v2\/types\/post"}],"author":[{"embeddable":true,"href":"https:\/\/www.ilmercoledi.news\/ilmercoledi\/news\/wp-json\/wp\/v2\/users\/9"}],"replies":[{"embeddable":true,"href":"https:\/\/www.ilmercoledi.news\/ilmercoledi\/news\/wp-json\/wp\/v2\/comments?post=15199"}],"version-history":[{"count":1,"href":"https:\/\/www.ilmercoledi.news\/ilmercoledi\/news\/wp-json\/wp\/v2\/posts\/15199\/revisions"}],"predecessor-version":[{"id":15201,"href":"https:\/\/www.ilmercoledi.news\/ilmercoledi\/news\/wp-json\/wp\/v2\/posts\/15199\/revisions\/15201"}],"wp:featuredmedia":[{"embeddable":true,"href":"https:\/\/www.ilmercoledi.news\/ilmercoledi\/news\/wp-json\/wp\/v2\/media\/15200"}],"wp:attachment":[{"href":"https:\/\/www.ilmercoledi.news\/ilmercoledi\/news\/wp-json\/wp\/v2\/media?parent=15199"}],"wp:term":[{"taxonomy":"category","embeddable":true,"href":"https:\/\/www.ilmercoledi.news\/ilmercoledi\/news\/wp-json\/wp\/v2\/categories?post=15199"},{"taxonomy":"post_tag","embeddable":true,"href":"https:\/\/www.ilmercoledi.news\/ilmercoledi\/news\/wp-json\/wp\/v2\/tags?post=15199"},{"taxonomy":"news-destination","embeddable":true,"href":"https:\/\/www.ilmercoledi.news\/ilmercoledi\/news\/wp-json\/wp\/v2\/news-destination?post=15199"},{"taxonomy":"news-source","embeddable":true,"href":"https:\/\/www.ilmercoledi.news\/ilmercoledi\/news\/wp-json\/wp\/v2\/news-source?post=15199"},{"taxonomy":"is_homepage","embeddable":true,"href":"https:\/\/www.ilmercoledi.news\/ilmercoledi\/news\/wp-json\/wp\/v2\/is_homepage?post=15199"},{"taxonomy":"ta_other","embeddable":true,"href":"https:\/\/www.ilmercoledi.news\/ilmercoledi\/news\/wp-json\/wp\/v2\/ta_other?post=15199"}],"curies":[{"name":"wp","href":"https:\/\/api.w.org\/{rel}","templated":true}]}}