{"id":15360,"date":"2019-02-07T20:17:23","date_gmt":"2019-02-07T19:17:23","guid":{"rendered":"http:\/\/euwps02.tecnavia.com\/ilmercoledi\/news\/?p=15360"},"modified":"2019-02-07T20:17:26","modified_gmt":"2019-02-07T19:17:26","slug":"vinovo-spettacolo-di-paolo-migone-al-cinema-auditorium","status":"publish","type":"post","link":"https:\/\/www.ilmercoledi.news\/2019\/02\/07\/vinovo-spettacolo-di-paolo-migone-al-cinema-auditorium\/","title":{"rendered":"VINOVO &#8211; Spettacolo di Paolo Migone al cinema auditorium"},"content":{"rendered":"<p>Venerd\u00ec 22 febbraio alle ore 21, presso il cinema auditorium di Vinovo, ci sar\u00e0 &#8220;Recital&#8221;, lo spettacolo teatrale di Paolo Migone. Lo spettacolo che il comico offre \u00e8 \u201cun labirinto intricato come la sua mente\u201d fatto di surrealismo, malinconia e risate. Forte di un&#8217;esperienza teatrale di anni, camaleontico, dallo stile visionario, sul palco ha la capacit\u00e0 di raccontare, attraverso una gestualit\u00e0 essenziale, situazioni e immagini rievocandole con l&#8217;ausilio di uno stile di scrittura sobrio e di grande impatto. Paolo Migone usa come filtro la sua comicit\u00e0 corrosiva, la sua inimitabile mordacit\u00e0 toscana che caratterizza uno stile inconfondibile. Il suo argomento preferito \u00e8 l&#8217;eterno gioco fra uomini e donne che, pare, fornirgli spunti creativi inesauribili, con un occhio sempre attento ai costumi\u00a0contemporanei, alla realt\u00e0 del suo tempo.<\/p>\n","protected":false},"excerpt":{"rendered":"","protected":false},"author":11,"featured_media":13775,"comment_status":"open","ping_status":"closed","sticky":false,"template":"","format":"standard","meta":[],"categories":[34],"tags":[],"news-destination":[],"news-source":[],"is_homepage":[],"ta_other":[],"_links":{"self":[{"href":"https:\/\/www.ilmercoledi.news\/ilmercoledi\/news\/wp-json\/wp\/v2\/posts\/15360"}],"collection":[{"href":"https:\/\/www.ilmercoledi.news\/ilmercoledi\/news\/wp-json\/wp\/v2\/posts"}],"about":[{"href":"https:\/\/www.ilmercoledi.news\/ilmercoledi\/news\/wp-json\/wp\/v2\/types\/post"}],"author":[{"embeddable":true,"href":"https:\/\/www.ilmercoledi.news\/ilmercoledi\/news\/wp-json\/wp\/v2\/users\/11"}],"replies":[{"embeddable":true,"href":"https:\/\/www.ilmercoledi.news\/ilmercoledi\/news\/wp-json\/wp\/v2\/comments?post=15360"}],"version-history":[{"count":1,"href":"https:\/\/www.ilmercoledi.news\/ilmercoledi\/news\/wp-json\/wp\/v2\/posts\/15360\/revisions"}],"predecessor-version":[{"id":15361,"href":"https:\/\/www.ilmercoledi.news\/ilmercoledi\/news\/wp-json\/wp\/v2\/posts\/15360\/revisions\/15361"}],"wp:featuredmedia":[{"embeddable":true,"href":"https:\/\/www.ilmercoledi.news\/ilmercoledi\/news\/wp-json\/wp\/v2\/media\/13775"}],"wp:attachment":[{"href":"https:\/\/www.ilmercoledi.news\/ilmercoledi\/news\/wp-json\/wp\/v2\/media?parent=15360"}],"wp:term":[{"taxonomy":"category","embeddable":true,"href":"https:\/\/www.ilmercoledi.news\/ilmercoledi\/news\/wp-json\/wp\/v2\/categories?post=15360"},{"taxonomy":"post_tag","embeddable":true,"href":"https:\/\/www.ilmercoledi.news\/ilmercoledi\/news\/wp-json\/wp\/v2\/tags?post=15360"},{"taxonomy":"news-destination","embeddable":true,"href":"https:\/\/www.ilmercoledi.news\/ilmercoledi\/news\/wp-json\/wp\/v2\/news-destination?post=15360"},{"taxonomy":"news-source","embeddable":true,"href":"https:\/\/www.ilmercoledi.news\/ilmercoledi\/news\/wp-json\/wp\/v2\/news-source?post=15360"},{"taxonomy":"is_homepage","embeddable":true,"href":"https:\/\/www.ilmercoledi.news\/ilmercoledi\/news\/wp-json\/wp\/v2\/is_homepage?post=15360"},{"taxonomy":"ta_other","embeddable":true,"href":"https:\/\/www.ilmercoledi.news\/ilmercoledi\/news\/wp-json\/wp\/v2\/ta_other?post=15360"}],"curies":[{"name":"wp","href":"https:\/\/api.w.org\/{rel}","templated":true}]}}