{"id":15369,"date":"2019-02-07T20:35:16","date_gmt":"2019-02-07T19:35:16","guid":{"rendered":"http:\/\/euwps02.tecnavia.com\/ilmercoledi\/news\/?p=15369"},"modified":"2019-02-07T20:35:19","modified_gmt":"2019-02-07T19:35:19","slug":"san-valentino-per-la-festa-degli-innamorati-una-cena-a-bordo-di-un-tram","status":"publish","type":"post","link":"https:\/\/www.ilmercoledi.news\/2019\/02\/07\/san-valentino-per-la-festa-degli-innamorati-una-cena-a-bordo-di-un-tram\/","title":{"rendered":"SAN VALENTINO &#8211; Per la festa degli innamorati una cena a bordo di un tram"},"content":{"rendered":"<p>Per la festa di San Valentino si cena a bordo del tram. Gioved\u00ec 14 febbraio infatti, ci sar\u00e0 uno speciale appuntamento con le Cene in movimento di Gtt. La partenza \u00e8 fissata alle 21 davanti al Teatro Regio, in piazza Castello a Torino. Durata del tour: 2 ore.\u00a0 Il Men\u00f9 sar\u00e0 a cura del Ristorante Celestino di Piobesi.<\/p>\n<p>Ecco nel dettaglio cosa si potr\u00e0 mangiare:<\/p>\n<p>Un calice di bollicine\u00a0 Trittico di Cupido e fonduta amorosa (morbido di spinacino, millefoglie di patate della Val di Susa e gorgonzola, capunet con seirass del fen e salsiccia con fonduta di Toma di Lanzo e tartufo nero d\u2019Alba) Gnocchi alla parigina\u00a0 Cuoricini di maialino da latte al pepe rosa e verdure imperiali saltate al burro d\u2019alpeggio Delizia degli innamorati (Panna cotta e coulis al frutto della passione )<\/p>\n<p>Pane e grissini Caff\u00e8 Amaro alle erbe Dolcetto DOC di Ovada Az. Vinicola Morando Cortese DOC Az. Vinicola Casetta\u00a0 Acqua minerale naturale e frizzante<\/p>\n","protected":false},"excerpt":{"rendered":"","protected":false},"author":11,"featured_media":15370,"comment_status":"open","ping_status":"closed","sticky":false,"template":"","format":"standard","meta":[],"categories":[9],"tags":[],"news-destination":[],"news-source":[],"is_homepage":[],"ta_other":[],"_links":{"self":[{"href":"https:\/\/www.ilmercoledi.news\/ilmercoledi\/news\/wp-json\/wp\/v2\/posts\/15369"}],"collection":[{"href":"https:\/\/www.ilmercoledi.news\/ilmercoledi\/news\/wp-json\/wp\/v2\/posts"}],"about":[{"href":"https:\/\/www.ilmercoledi.news\/ilmercoledi\/news\/wp-json\/wp\/v2\/types\/post"}],"author":[{"embeddable":true,"href":"https:\/\/www.ilmercoledi.news\/ilmercoledi\/news\/wp-json\/wp\/v2\/users\/11"}],"replies":[{"embeddable":true,"href":"https:\/\/www.ilmercoledi.news\/ilmercoledi\/news\/wp-json\/wp\/v2\/comments?post=15369"}],"version-history":[{"count":1,"href":"https:\/\/www.ilmercoledi.news\/ilmercoledi\/news\/wp-json\/wp\/v2\/posts\/15369\/revisions"}],"predecessor-version":[{"id":15371,"href":"https:\/\/www.ilmercoledi.news\/ilmercoledi\/news\/wp-json\/wp\/v2\/posts\/15369\/revisions\/15371"}],"wp:featuredmedia":[{"embeddable":true,"href":"https:\/\/www.ilmercoledi.news\/ilmercoledi\/news\/wp-json\/wp\/v2\/media\/15370"}],"wp:attachment":[{"href":"https:\/\/www.ilmercoledi.news\/ilmercoledi\/news\/wp-json\/wp\/v2\/media?parent=15369"}],"wp:term":[{"taxonomy":"category","embeddable":true,"href":"https:\/\/www.ilmercoledi.news\/ilmercoledi\/news\/wp-json\/wp\/v2\/categories?post=15369"},{"taxonomy":"post_tag","embeddable":true,"href":"https:\/\/www.ilmercoledi.news\/ilmercoledi\/news\/wp-json\/wp\/v2\/tags?post=15369"},{"taxonomy":"news-destination","embeddable":true,"href":"https:\/\/www.ilmercoledi.news\/ilmercoledi\/news\/wp-json\/wp\/v2\/news-destination?post=15369"},{"taxonomy":"news-source","embeddable":true,"href":"https:\/\/www.ilmercoledi.news\/ilmercoledi\/news\/wp-json\/wp\/v2\/news-source?post=15369"},{"taxonomy":"is_homepage","embeddable":true,"href":"https:\/\/www.ilmercoledi.news\/ilmercoledi\/news\/wp-json\/wp\/v2\/is_homepage?post=15369"},{"taxonomy":"ta_other","embeddable":true,"href":"https:\/\/www.ilmercoledi.news\/ilmercoledi\/news\/wp-json\/wp\/v2\/ta_other?post=15369"}],"curies":[{"name":"wp","href":"https:\/\/api.w.org\/{rel}","templated":true}]}}