{"id":15456,"date":"2019-02-08T19:54:06","date_gmt":"2019-02-08T18:54:06","guid":{"rendered":"http:\/\/euwps02.tecnavia.com\/ilmercoledi\/news\/?p=15456"},"modified":"2019-02-08T19:54:09","modified_gmt":"2019-02-08T18:54:09","slug":"moncalieri-partiti-i-giovani-studenti-per-i-luoghi-della-memoria","status":"publish","type":"post","link":"https:\/\/www.ilmercoledi.news\/2019\/02\/08\/moncalieri-partiti-i-giovani-studenti-per-i-luoghi-della-memoria\/","title":{"rendered":"MONCALIERI &#8211; Partiti i giovani studenti per i luoghi della memoria"},"content":{"rendered":"<p>Ventuno del Pininfarina, 6 del Marro e 26 del Liceo Majorana: per un totale di 53 studenti di Moncalieri. Sono partiti oggi, venerd\u00ec 8 febbraio, alla volta della Polonia e, in particolare, dei luoghi di Memoria. Tra le tappe del viaggio: Auschwitz, Birkenau, Cracovia.\u00a0Promemoria_Auschwitz\u00a0\u00e8 un\u00a0progetto di educazione alla cittadinanza\u00a0attraverso la\u00a0promozione della partecipazione. un progetto pensato per accompagnare le giovani generazioni alla scoperta e alla comprensione della complessit\u00e0 del reale \u2013 a partire dal passato e dalle sue rappresentazioni \u2013 e all&#8217;acquisizione dello spirito critico necessario per un protagonismo nel presente. Pensiamo sia infatti necessario partire dalle conoscenze e dai punti di riferimento dei giovani, destinatari ma soprattutto protagonisti del progetto, per proporre questo percorso che riteniamo sia per loro innanzitutto una opportunit\u00e0 di crescita, di approfondimento e di confronto. Il progetto \u00e8 sostenuto dalla Citt\u00e0 di Moncalieri in collaborazione con l&#8217;associazione Deina Torino.<\/p>\n","protected":false},"excerpt":{"rendered":"","protected":false},"author":11,"featured_media":1384,"comment_status":"open","ping_status":"closed","sticky":false,"template":"","format":"standard","meta":[],"categories":[34],"tags":[],"news-destination":[],"news-source":[],"is_homepage":[],"ta_other":[],"_links":{"self":[{"href":"https:\/\/www.ilmercoledi.news\/ilmercoledi\/news\/wp-json\/wp\/v2\/posts\/15456"}],"collection":[{"href":"https:\/\/www.ilmercoledi.news\/ilmercoledi\/news\/wp-json\/wp\/v2\/posts"}],"about":[{"href":"https:\/\/www.ilmercoledi.news\/ilmercoledi\/news\/wp-json\/wp\/v2\/types\/post"}],"author":[{"embeddable":true,"href":"https:\/\/www.ilmercoledi.news\/ilmercoledi\/news\/wp-json\/wp\/v2\/users\/11"}],"replies":[{"embeddable":true,"href":"https:\/\/www.ilmercoledi.news\/ilmercoledi\/news\/wp-json\/wp\/v2\/comments?post=15456"}],"version-history":[{"count":1,"href":"https:\/\/www.ilmercoledi.news\/ilmercoledi\/news\/wp-json\/wp\/v2\/posts\/15456\/revisions"}],"predecessor-version":[{"id":15457,"href":"https:\/\/www.ilmercoledi.news\/ilmercoledi\/news\/wp-json\/wp\/v2\/posts\/15456\/revisions\/15457"}],"wp:featuredmedia":[{"embeddable":true,"href":"https:\/\/www.ilmercoledi.news\/ilmercoledi\/news\/wp-json\/wp\/v2\/media\/1384"}],"wp:attachment":[{"href":"https:\/\/www.ilmercoledi.news\/ilmercoledi\/news\/wp-json\/wp\/v2\/media?parent=15456"}],"wp:term":[{"taxonomy":"category","embeddable":true,"href":"https:\/\/www.ilmercoledi.news\/ilmercoledi\/news\/wp-json\/wp\/v2\/categories?post=15456"},{"taxonomy":"post_tag","embeddable":true,"href":"https:\/\/www.ilmercoledi.news\/ilmercoledi\/news\/wp-json\/wp\/v2\/tags?post=15456"},{"taxonomy":"news-destination","embeddable":true,"href":"https:\/\/www.ilmercoledi.news\/ilmercoledi\/news\/wp-json\/wp\/v2\/news-destination?post=15456"},{"taxonomy":"news-source","embeddable":true,"href":"https:\/\/www.ilmercoledi.news\/ilmercoledi\/news\/wp-json\/wp\/v2\/news-source?post=15456"},{"taxonomy":"is_homepage","embeddable":true,"href":"https:\/\/www.ilmercoledi.news\/ilmercoledi\/news\/wp-json\/wp\/v2\/is_homepage?post=15456"},{"taxonomy":"ta_other","embeddable":true,"href":"https:\/\/www.ilmercoledi.news\/ilmercoledi\/news\/wp-json\/wp\/v2\/ta_other?post=15456"}],"curies":[{"name":"wp","href":"https:\/\/api.w.org\/{rel}","templated":true}]}}