{"id":15474,"date":"2019-02-11T15:17:43","date_gmt":"2019-02-11T14:17:43","guid":{"rendered":"http:\/\/euwps02.tecnavia.com\/ilmercoledi\/news\/?p=15474"},"modified":"2019-02-11T15:17:46","modified_gmt":"2019-02-11T14:17:46","slug":"nichelino-presentato-il-progetto-di-riqualificazione-della-ex-viberti-da-parte-di-zust-ambrosetti","status":"publish","type":"post","link":"https:\/\/www.ilmercoledi.news\/2019\/02\/11\/nichelino-presentato-il-progetto-di-riqualificazione-della-ex-viberti-da-parte-di-zust-ambrosetti\/","title":{"rendered":"NICHELINO &#8211; Presentato il progetto di riqualificazione della ex Viberti da parte di Zust Ambrosetti"},"content":{"rendered":"<p>Appuntamento con la storia per Nichelino, oggi, 11 febbraio, nell&#8217;ex-area Viberti.\u00a0Si \u00e8 tenuta, infatti, la conferenza stampa di presentazione dei dettagli sul recupero della grande struttura dismessa da parte di Zust Ambrosetti, societ\u00e0 leader nel settore della logistica e dei trasporti. La vicenda dell&#8217;area \u00e8 lunga e complessa. La Viberti si insedi\u00f2 nel 1970 e arriv\u00f2 a contare ben 1.200 dipendenti; poi, nel 1995, arriv\u00f2\u00a0il fallimento con un successivo tentativo di ripresa, nel 1996 con la societ\u00e0 Acerbi.\u00a0Ma l&#8217;attivit\u00e0 produttiva declin\u00f2 inesorabilmente verso il tramonto, con la cassa integrazione, un incendio (di probabile origine dolosa) e divenne anche luogo di notturni rave, in qualche caso con l&#8217;intervento delle forze dell&#8217;ordine.<\/p>\n<p>\u201cSiamo entusiasti \u2013 ha dichiarato Tolardo &#8211; di questa operazione con una societ\u00e0 importante. Su quest&#8217;area vi era l&#8217;intenzione di realizzare un grande centro e commerciale. Un&#8217;operazione che il Comune ha saputo contrastare anche attraverso le vie legali. Ora si apre una nuova fase e si prevede anche una significativa ricaduta occupazionale sul territorio, sia diretta che attraverso l&#8217;indotto\u201d. Quindi, \u00e8 intervenuto il presidente di Zust Ambrosetti, Antonio Ferrari : \u201cPartiremo gi\u00e0 a inizio marzo. In questo insediamento sposteremo parte delle attivit\u00e0 di Trofarello e faremo di Nichelino uno dei punti fondamentali della nostra attivit\u00e0 nazionale e internazionale\u201d. Occorre ricordare che, in Italia, l&#8217;azienda conta una cinquantina di sedi. E&#8217; stata poi la volta della general manager, Elena Maria Piatti: \u201cE&#8217; nostra intenzione operare anche un recupero conservativo della struttura, cercando di mantenere vivo il ricordo di un storia occupazionale e produttiva significativa per Nichelino. Prevediamo anche un open-day al quale inviteremo gli ex-dipendenti, allestendo la sede anche con materiale iconografico del passato\u201d. Gli altri due funzionari della Zust Ambrosetti, Gianpaolo Foppiani e Stefano Lionetti, hanno ribadito l&#8217;importanza dell&#8217;operazione.<\/p>\n<p>Entrando nei numeri, l&#8217;acquisizione dell&#8217;area \u00e8 costata circa 20 milioni di euro, mentre il primo investimento, che consentir\u00e0 l&#8217;inizio dell&#8217;attivit\u00e0 a marzo, \u00e8 di circa 6 milioni di euro. Si tratta di un&#8217;area di 260.000mq, mentre il capannone principale misura circa 18.000mq.Per quanto riguarda la ricaduta occupazionale si parla di un centinaio di posti di lavori, senza considerare gli effetti positivi sul sistema dell&#8217;indotto.<\/p>\n","protected":false},"excerpt":{"rendered":"","protected":false},"author":11,"featured_media":15475,"comment_status":"open","ping_status":"closed","sticky":false,"template":"","format":"standard","meta":[],"categories":[34],"tags":[],"news-destination":[],"news-source":[],"is_homepage":[],"ta_other":[],"_links":{"self":[{"href":"https:\/\/www.ilmercoledi.news\/ilmercoledi\/news\/wp-json\/wp\/v2\/posts\/15474"}],"collection":[{"href":"https:\/\/www.ilmercoledi.news\/ilmercoledi\/news\/wp-json\/wp\/v2\/posts"}],"about":[{"href":"https:\/\/www.ilmercoledi.news\/ilmercoledi\/news\/wp-json\/wp\/v2\/types\/post"}],"author":[{"embeddable":true,"href":"https:\/\/www.ilmercoledi.news\/ilmercoledi\/news\/wp-json\/wp\/v2\/users\/11"}],"replies":[{"embeddable":true,"href":"https:\/\/www.ilmercoledi.news\/ilmercoledi\/news\/wp-json\/wp\/v2\/comments?post=15474"}],"version-history":[{"count":1,"href":"https:\/\/www.ilmercoledi.news\/ilmercoledi\/news\/wp-json\/wp\/v2\/posts\/15474\/revisions"}],"predecessor-version":[{"id":15476,"href":"https:\/\/www.ilmercoledi.news\/ilmercoledi\/news\/wp-json\/wp\/v2\/posts\/15474\/revisions\/15476"}],"wp:featuredmedia":[{"embeddable":true,"href":"https:\/\/www.ilmercoledi.news\/ilmercoledi\/news\/wp-json\/wp\/v2\/media\/15475"}],"wp:attachment":[{"href":"https:\/\/www.ilmercoledi.news\/ilmercoledi\/news\/wp-json\/wp\/v2\/media?parent=15474"}],"wp:term":[{"taxonomy":"category","embeddable":true,"href":"https:\/\/www.ilmercoledi.news\/ilmercoledi\/news\/wp-json\/wp\/v2\/categories?post=15474"},{"taxonomy":"post_tag","embeddable":true,"href":"https:\/\/www.ilmercoledi.news\/ilmercoledi\/news\/wp-json\/wp\/v2\/tags?post=15474"},{"taxonomy":"news-destination","embeddable":true,"href":"https:\/\/www.ilmercoledi.news\/ilmercoledi\/news\/wp-json\/wp\/v2\/news-destination?post=15474"},{"taxonomy":"news-source","embeddable":true,"href":"https:\/\/www.ilmercoledi.news\/ilmercoledi\/news\/wp-json\/wp\/v2\/news-source?post=15474"},{"taxonomy":"is_homepage","embeddable":true,"href":"https:\/\/www.ilmercoledi.news\/ilmercoledi\/news\/wp-json\/wp\/v2\/is_homepage?post=15474"},{"taxonomy":"ta_other","embeddable":true,"href":"https:\/\/www.ilmercoledi.news\/ilmercoledi\/news\/wp-json\/wp\/v2\/ta_other?post=15474"}],"curies":[{"name":"wp","href":"https:\/\/api.w.org\/{rel}","templated":true}]}}