{"id":15487,"date":"2019-02-11T19:57:41","date_gmt":"2019-02-11T18:57:41","guid":{"rendered":"http:\/\/euwps02.tecnavia.com\/ilmercoledi\/news\/?p=15487"},"modified":"2019-02-11T19:57:43","modified_gmt":"2019-02-11T18:57:43","slug":"martedi-12-febbraio-tratto-di-strada-provinciale-393-di-villastellone-chiuso-al-traffico-ma-solo-per-un-giorno","status":"publish","type":"post","link":"https:\/\/www.ilmercoledi.news\/2019\/02\/11\/martedi-12-febbraio-tratto-di-strada-provinciale-393-di-villastellone-chiuso-al-traffico-ma-solo-per-un-giorno\/","title":{"rendered":"Marted\u00ec 12 febbraio tratto di strada provinciale 393\u00a0di Villastellone chiuso al traffico, ma solo per un giorno"},"content":{"rendered":"<p>La strada provinciale 393\u00a0di Villastellone chiusa al traffico, ma per solo un tratto e solo per un giorno.<br \/>\nMarted\u00ec 12 febbraio 2019,\u00a0dalle 8 alle 18, la\u00a0sp 393 sar\u00e0 interdetta alla circolazione a tutti i veicoli e su entrambe le carreggiate nel tratto compreso dal\u00a0km 2+650 al km 2+960, a causa di alcuni lavori di sostituzione delle lampade insistenti sul sovrappasso. Data la natura dell&#8217;intervento non \u00e8 possibile ricorrere al restringimento della carreggiata. Il traffico, perci\u00f2, verr\u00e0 opportunamente deviato\u00a0nella rotatoria sottostante.<\/p>\n","protected":false},"excerpt":{"rendered":"","protected":false},"author":4,"featured_media":15489,"comment_status":"open","ping_status":"closed","sticky":false,"template":"","format":"standard","meta":[],"categories":[34],"tags":[],"news-destination":[],"news-source":[],"is_homepage":[],"ta_other":[],"_links":{"self":[{"href":"https:\/\/www.ilmercoledi.news\/ilmercoledi\/news\/wp-json\/wp\/v2\/posts\/15487"}],"collection":[{"href":"https:\/\/www.ilmercoledi.news\/ilmercoledi\/news\/wp-json\/wp\/v2\/posts"}],"about":[{"href":"https:\/\/www.ilmercoledi.news\/ilmercoledi\/news\/wp-json\/wp\/v2\/types\/post"}],"author":[{"embeddable":true,"href":"https:\/\/www.ilmercoledi.news\/ilmercoledi\/news\/wp-json\/wp\/v2\/users\/4"}],"replies":[{"embeddable":true,"href":"https:\/\/www.ilmercoledi.news\/ilmercoledi\/news\/wp-json\/wp\/v2\/comments?post=15487"}],"version-history":[{"count":2,"href":"https:\/\/www.ilmercoledi.news\/ilmercoledi\/news\/wp-json\/wp\/v2\/posts\/15487\/revisions"}],"predecessor-version":[{"id":15491,"href":"https:\/\/www.ilmercoledi.news\/ilmercoledi\/news\/wp-json\/wp\/v2\/posts\/15487\/revisions\/15491"}],"wp:featuredmedia":[{"embeddable":true,"href":"https:\/\/www.ilmercoledi.news\/ilmercoledi\/news\/wp-json\/wp\/v2\/media\/15489"}],"wp:attachment":[{"href":"https:\/\/www.ilmercoledi.news\/ilmercoledi\/news\/wp-json\/wp\/v2\/media?parent=15487"}],"wp:term":[{"taxonomy":"category","embeddable":true,"href":"https:\/\/www.ilmercoledi.news\/ilmercoledi\/news\/wp-json\/wp\/v2\/categories?post=15487"},{"taxonomy":"post_tag","embeddable":true,"href":"https:\/\/www.ilmercoledi.news\/ilmercoledi\/news\/wp-json\/wp\/v2\/tags?post=15487"},{"taxonomy":"news-destination","embeddable":true,"href":"https:\/\/www.ilmercoledi.news\/ilmercoledi\/news\/wp-json\/wp\/v2\/news-destination?post=15487"},{"taxonomy":"news-source","embeddable":true,"href":"https:\/\/www.ilmercoledi.news\/ilmercoledi\/news\/wp-json\/wp\/v2\/news-source?post=15487"},{"taxonomy":"is_homepage","embeddable":true,"href":"https:\/\/www.ilmercoledi.news\/ilmercoledi\/news\/wp-json\/wp\/v2\/is_homepage?post=15487"},{"taxonomy":"ta_other","embeddable":true,"href":"https:\/\/www.ilmercoledi.news\/ilmercoledi\/news\/wp-json\/wp\/v2\/ta_other?post=15487"}],"curies":[{"name":"wp","href":"https:\/\/api.w.org\/{rel}","templated":true}]}}