{"id":15708,"date":"2019-02-15T16:38:29","date_gmt":"2019-02-15T15:38:29","guid":{"rendered":"http:\/\/euwps02.tecnavia.com\/ilmercoledi\/news\/?p=15708"},"modified":"2019-02-15T17:46:11","modified_gmt":"2019-02-15T16:46:11","slug":"villastellone-via-ai-progetti-di-sviluppo-della-cittadina","status":"publish","type":"post","link":"https:\/\/www.ilmercoledi.news\/2019\/02\/15\/villastellone-via-ai-progetti-di-sviluppo-della-cittadina\/","title":{"rendered":"VILLASTELLONE &#8211; Via ai progetti di sviluppo della cittadina"},"content":{"rendered":"<p><span style=\"color: #000000;font-family: Calibri\">Dopo un lungo periodo di lavoro, limature e trattative, verr\u00e0 approvato nella prossima giunta comunale di Villastellone il progetto d\u2019ambito per l\u2019espansione del paese nella zona oltre-ferrovia. <\/span><span style=\"color: #000000;font-family: Calibri\">Il piano regolatore prevede infatti l\u2019edificabilit\u00e0 nel quadrilatero compreso tra Viale Europa, Via Pralormo, Via Lunga e, pi\u00f9 in l\u00e0, Via Chieri,<\/span><span style=\"margin: 0px;color: #26282a;quot',serif\">\u00a0<\/span><span style=\"color: #000000;font-family: Calibri\">per una espansione stimata in circa 500 nuovi abitanti. <\/span><span style=\"color: #000000;font-family: Calibri\">Per poter materialmente costruire<\/span><span style=\"margin: 0px;color: #26282a;quot',serif\">\u00a0<\/span><span style=\"color: #000000;font-family: Calibri\">\u00e8\u00a0per\u00f2 necessaria la preventiva approvazione di un progetto d\u2019ambito che i proprietari dei terreni devono presentare con una maggioranza di almeno il 66% e che il Comune deve approvare.<\/span><\/p>\n<p><span style=\"color: #000000;font-family: Calibri\">Il progetto determina, in sostanza, in quali zone si costruir\u00e0 e quali invece saranno destinate a strade, parcheggi e infrastrutture pubbliche quali parchi, aree di sosta eccetera. <\/span><span style=\"color: #000000;font-family: Calibri\">Ora il progetto \u00e8 stato elaborato, \u00e8 stato sottoscritto da 76% dei proprietari, \u00e8 stato presentato in Comune che l\u2019ha condiviso e che lo approver\u00e0 formalmente nella prossima Giunta Comunale.<\/span><\/p>\n<p><span style=\"color: #000000;font-family: Calibri\">Nel frattempo sono in corso incontri con la Smat e con le acque potabili per definire le infrastrutture fognarie e delle acque potabili da porre a servizio dell\u2019area.\u00a0<\/span><\/p>\n<p><span style=\"color: #000000;font-family: Calibri\">Commento del Sindaco Davide NIcco <\/span><span style=\"color: #000000;font-family: Calibri\">\u201cL\u2019espansione\u00a0edilizia sar\u00e0 moderata per mantenere Villastellone un paese vivibile ed a misura d\u2019uomo, ma rappresenter\u00e0<\/span><span style=\"margin: 0px;color: #26282a;quot',serif\">\u00a0<\/span><span style=\"color: #000000;font-family: Calibri\">comunque<\/span><span style=\"margin: 0px;color: #26282a;quot',serif\">\u00a0<\/span><span style=\"color: #000000;font-family: Calibri\">una crescita<\/span><span style=\"margin: 0px;color: #26282a;quot',serif\">\u00a0<\/span><span style=\"color: #000000;font-family: Calibri\">per il\u00a0paese anche per dare risposta alla richiesta di nuove abitazioni di molti residenti\u00a0e ritengo sia<\/span><span style=\"margin: 0px;color: #26282a;quot',serif\">\u00a0<\/span><span style=\"color: #000000;font-family: Calibri\">\u00e8 un\u2019\u00a0ottima notizia per il nostro Comune\u201d<\/span><\/p>\n","protected":false},"excerpt":{"rendered":"","protected":false},"author":11,"featured_media":15386,"comment_status":"open","ping_status":"closed","sticky":false,"template":"","format":"standard","meta":[],"categories":[34],"tags":[],"news-destination":[],"news-source":[],"is_homepage":[],"ta_other":[],"_links":{"self":[{"href":"https:\/\/www.ilmercoledi.news\/ilmercoledi\/news\/wp-json\/wp\/v2\/posts\/15708"}],"collection":[{"href":"https:\/\/www.ilmercoledi.news\/ilmercoledi\/news\/wp-json\/wp\/v2\/posts"}],"about":[{"href":"https:\/\/www.ilmercoledi.news\/ilmercoledi\/news\/wp-json\/wp\/v2\/types\/post"}],"author":[{"embeddable":true,"href":"https:\/\/www.ilmercoledi.news\/ilmercoledi\/news\/wp-json\/wp\/v2\/users\/11"}],"replies":[{"embeddable":true,"href":"https:\/\/www.ilmercoledi.news\/ilmercoledi\/news\/wp-json\/wp\/v2\/comments?post=15708"}],"version-history":[{"count":1,"href":"https:\/\/www.ilmercoledi.news\/ilmercoledi\/news\/wp-json\/wp\/v2\/posts\/15708\/revisions"}],"predecessor-version":[{"id":15709,"href":"https:\/\/www.ilmercoledi.news\/ilmercoledi\/news\/wp-json\/wp\/v2\/posts\/15708\/revisions\/15709"}],"wp:featuredmedia":[{"embeddable":true,"href":"https:\/\/www.ilmercoledi.news\/ilmercoledi\/news\/wp-json\/wp\/v2\/media\/15386"}],"wp:attachment":[{"href":"https:\/\/www.ilmercoledi.news\/ilmercoledi\/news\/wp-json\/wp\/v2\/media?parent=15708"}],"wp:term":[{"taxonomy":"category","embeddable":true,"href":"https:\/\/www.ilmercoledi.news\/ilmercoledi\/news\/wp-json\/wp\/v2\/categories?post=15708"},{"taxonomy":"post_tag","embeddable":true,"href":"https:\/\/www.ilmercoledi.news\/ilmercoledi\/news\/wp-json\/wp\/v2\/tags?post=15708"},{"taxonomy":"news-destination","embeddable":true,"href":"https:\/\/www.ilmercoledi.news\/ilmercoledi\/news\/wp-json\/wp\/v2\/news-destination?post=15708"},{"taxonomy":"news-source","embeddable":true,"href":"https:\/\/www.ilmercoledi.news\/ilmercoledi\/news\/wp-json\/wp\/v2\/news-source?post=15708"},{"taxonomy":"is_homepage","embeddable":true,"href":"https:\/\/www.ilmercoledi.news\/ilmercoledi\/news\/wp-json\/wp\/v2\/is_homepage?post=15708"},{"taxonomy":"ta_other","embeddable":true,"href":"https:\/\/www.ilmercoledi.news\/ilmercoledi\/news\/wp-json\/wp\/v2\/ta_other?post=15708"}],"curies":[{"name":"wp","href":"https:\/\/api.w.org\/{rel}","templated":true}]}}