{"id":15780,"date":"2019-02-19T08:12:49","date_gmt":"2019-02-19T07:12:49","guid":{"rendered":"http:\/\/euwps02.tecnavia.com\/ilmercoledi\/news\/?p=15780"},"modified":"2019-02-19T08:12:52","modified_gmt":"2019-02-19T07:12:52","slug":"la-loggia-sfreccia-sotto-il-velox-ma-allanagrafe-non-esiste","status":"publish","type":"post","link":"https:\/\/www.ilmercoledi.news\/2019\/02\/19\/la-loggia-sfreccia-sotto-il-velox-ma-allanagrafe-non-esiste\/","title":{"rendered":"LA LOGGIA &#8211; Sfreccia sotto il velox, ma all&#8217;anagrafe non esiste"},"content":{"rendered":"<p><span style=\"color: #292a29;font-family: 'Nunito Sans', serif;font-size: 15px;font-style: normal;font-weight: 400;letter-spacing: normal;text-align: start;text-indent: 0px;background-color: #ffffff;float: none\">Viene multato all&#8217;autovelox della provinciale 20, a La Loggia, ma quella multa non la pagher\u00e0 mai perch\u00e9 il Comune non sa chi sia. Proprio cos\u00ec: mentre la polizia locale loggese stava per notificare la sanzione, a quello che risultava essere il proprietario di una Golf, \u00e8 saltato fuori che quel nome e cognome non esistono da nessuna parte. Per giunta, la via indicata come residenza (a Milano) non c&#8217;\u00e8. Secondo una rapida ricostruzione, \u00e8 possibile che chi fosse alla guida abbia comprato e volturato il veicolo con un documento completamente falso. In pratica, al volante c&#8217;era una persona fantasma.\u00a0<\/span><\/p>\n","protected":false},"excerpt":{"rendered":"","protected":false},"author":11,"featured_media":15781,"comment_status":"open","ping_status":"closed","sticky":false,"template":"","format":"standard","meta":[],"categories":[34],"tags":[],"news-destination":[],"news-source":[],"is_homepage":[],"ta_other":[],"_links":{"self":[{"href":"https:\/\/www.ilmercoledi.news\/ilmercoledi\/news\/wp-json\/wp\/v2\/posts\/15780"}],"collection":[{"href":"https:\/\/www.ilmercoledi.news\/ilmercoledi\/news\/wp-json\/wp\/v2\/posts"}],"about":[{"href":"https:\/\/www.ilmercoledi.news\/ilmercoledi\/news\/wp-json\/wp\/v2\/types\/post"}],"author":[{"embeddable":true,"href":"https:\/\/www.ilmercoledi.news\/ilmercoledi\/news\/wp-json\/wp\/v2\/users\/11"}],"replies":[{"embeddable":true,"href":"https:\/\/www.ilmercoledi.news\/ilmercoledi\/news\/wp-json\/wp\/v2\/comments?post=15780"}],"version-history":[{"count":1,"href":"https:\/\/www.ilmercoledi.news\/ilmercoledi\/news\/wp-json\/wp\/v2\/posts\/15780\/revisions"}],"predecessor-version":[{"id":15782,"href":"https:\/\/www.ilmercoledi.news\/ilmercoledi\/news\/wp-json\/wp\/v2\/posts\/15780\/revisions\/15782"}],"wp:featuredmedia":[{"embeddable":true,"href":"https:\/\/www.ilmercoledi.news\/ilmercoledi\/news\/wp-json\/wp\/v2\/media\/15781"}],"wp:attachment":[{"href":"https:\/\/www.ilmercoledi.news\/ilmercoledi\/news\/wp-json\/wp\/v2\/media?parent=15780"}],"wp:term":[{"taxonomy":"category","embeddable":true,"href":"https:\/\/www.ilmercoledi.news\/ilmercoledi\/news\/wp-json\/wp\/v2\/categories?post=15780"},{"taxonomy":"post_tag","embeddable":true,"href":"https:\/\/www.ilmercoledi.news\/ilmercoledi\/news\/wp-json\/wp\/v2\/tags?post=15780"},{"taxonomy":"news-destination","embeddable":true,"href":"https:\/\/www.ilmercoledi.news\/ilmercoledi\/news\/wp-json\/wp\/v2\/news-destination?post=15780"},{"taxonomy":"news-source","embeddable":true,"href":"https:\/\/www.ilmercoledi.news\/ilmercoledi\/news\/wp-json\/wp\/v2\/news-source?post=15780"},{"taxonomy":"is_homepage","embeddable":true,"href":"https:\/\/www.ilmercoledi.news\/ilmercoledi\/news\/wp-json\/wp\/v2\/is_homepage?post=15780"},{"taxonomy":"ta_other","embeddable":true,"href":"https:\/\/www.ilmercoledi.news\/ilmercoledi\/news\/wp-json\/wp\/v2\/ta_other?post=15780"}],"curies":[{"name":"wp","href":"https:\/\/api.w.org\/{rel}","templated":true}]}}