{"id":15812,"date":"2019-02-20T10:42:11","date_gmt":"2019-02-20T09:42:11","guid":{"rendered":"http:\/\/euwps02.tecnavia.com\/ilmercoledi\/news\/?p=15812"},"modified":"2019-02-20T10:42:13","modified_gmt":"2019-02-20T09:42:13","slug":"35enne-arrestato-per-droga-dai-carabinieri","status":"publish","type":"post","link":"https:\/\/www.ilmercoledi.news\/2019\/02\/20\/35enne-arrestato-per-droga-dai-carabinieri\/","title":{"rendered":"35enne arrestato per droga dai carabinieri"},"content":{"rendered":"<p>MONCALIERI &#8211; I militari della compagnia di Moncalieri hanno fatto scattare le manette ai polsi di un operaio di 35 anni con l\u2019accusa di detenzione di sostanze stupefacenti. Il fatto \u00e8 avvenuto a Beinasco, dove l&#8217;uomo \u00e8 stato sottoposto ad un controllo domiciliare da parte dei militari nel quale corso \u00e8 stato trovato in possesso di 20 grammi di eroina, 160 grammi di sostanza da taglio e un bilancino di precisione. Ogni cosa \u00e8 stata sequestrata e ora gli investigatori dell\u2019Arma cercheranno di ricostruire il giro di spaccio che l\u2019operaio evidentemente gestiva.<\/p>\n","protected":false},"excerpt":{"rendered":"","protected":false},"author":10,"featured_media":2175,"comment_status":"open","ping_status":"closed","sticky":false,"template":"","format":"standard","meta":[],"categories":[8],"tags":[],"news-destination":[],"news-source":[],"is_homepage":[],"ta_other":[],"_links":{"self":[{"href":"https:\/\/www.ilmercoledi.news\/ilmercoledi\/news\/wp-json\/wp\/v2\/posts\/15812"}],"collection":[{"href":"https:\/\/www.ilmercoledi.news\/ilmercoledi\/news\/wp-json\/wp\/v2\/posts"}],"about":[{"href":"https:\/\/www.ilmercoledi.news\/ilmercoledi\/news\/wp-json\/wp\/v2\/types\/post"}],"author":[{"embeddable":true,"href":"https:\/\/www.ilmercoledi.news\/ilmercoledi\/news\/wp-json\/wp\/v2\/users\/10"}],"replies":[{"embeddable":true,"href":"https:\/\/www.ilmercoledi.news\/ilmercoledi\/news\/wp-json\/wp\/v2\/comments?post=15812"}],"version-history":[{"count":1,"href":"https:\/\/www.ilmercoledi.news\/ilmercoledi\/news\/wp-json\/wp\/v2\/posts\/15812\/revisions"}],"predecessor-version":[{"id":15813,"href":"https:\/\/www.ilmercoledi.news\/ilmercoledi\/news\/wp-json\/wp\/v2\/posts\/15812\/revisions\/15813"}],"wp:featuredmedia":[{"embeddable":true,"href":"https:\/\/www.ilmercoledi.news\/ilmercoledi\/news\/wp-json\/wp\/v2\/media\/2175"}],"wp:attachment":[{"href":"https:\/\/www.ilmercoledi.news\/ilmercoledi\/news\/wp-json\/wp\/v2\/media?parent=15812"}],"wp:term":[{"taxonomy":"category","embeddable":true,"href":"https:\/\/www.ilmercoledi.news\/ilmercoledi\/news\/wp-json\/wp\/v2\/categories?post=15812"},{"taxonomy":"post_tag","embeddable":true,"href":"https:\/\/www.ilmercoledi.news\/ilmercoledi\/news\/wp-json\/wp\/v2\/tags?post=15812"},{"taxonomy":"news-destination","embeddable":true,"href":"https:\/\/www.ilmercoledi.news\/ilmercoledi\/news\/wp-json\/wp\/v2\/news-destination?post=15812"},{"taxonomy":"news-source","embeddable":true,"href":"https:\/\/www.ilmercoledi.news\/ilmercoledi\/news\/wp-json\/wp\/v2\/news-source?post=15812"},{"taxonomy":"is_homepage","embeddable":true,"href":"https:\/\/www.ilmercoledi.news\/ilmercoledi\/news\/wp-json\/wp\/v2\/is_homepage?post=15812"},{"taxonomy":"ta_other","embeddable":true,"href":"https:\/\/www.ilmercoledi.news\/ilmercoledi\/news\/wp-json\/wp\/v2\/ta_other?post=15812"}],"curies":[{"name":"wp","href":"https:\/\/api.w.org\/{rel}","templated":true}]}}