{"id":15818,"date":"2019-02-20T10:48:01","date_gmt":"2019-02-20T09:48:01","guid":{"rendered":"http:\/\/euwps02.tecnavia.com\/ilmercoledi\/news\/?p=15818"},"modified":"2019-02-20T10:48:03","modified_gmt":"2019-02-20T09:48:03","slug":"motori-presentata-laosta-san-bernardo","status":"publish","type":"post","link":"https:\/\/www.ilmercoledi.news\/2019\/02\/20\/motori-presentata-laosta-san-bernardo\/","title":{"rendered":"MOTORI &#8211; Presentata l\u2019Aosta San Bernardo"},"content":{"rendered":"<p>TORINO &#8211; Sabato 8 e domenica 9 giugno 2019 ritorna l\u2019Aosta-Gran San Bernardogiunta alla XXXIV edizione. Sono 99 gli anni trascorsi dalla prima edizione della Sanbernardocorsa per la prima volta nel lontano 1920. Diciannove sono state le edizioni disputate come corsa di velocit\u00e0 in salita lungo i classici 33,910 chilometri che portavano i corridori dai 590 metri di Aosta ai 2470 metri del Colle del Gran San Bernardo, l\u2019ultima disputata nel 1957.<br \/>\nNel 2002 il CAMEVA ripresent\u00f2 la manifestazione come gara di regolarit\u00e0 per auto storiche organizzando 14 edizioni con risultati sempre pi\u00f9 entusiasmanti, tanto da far risultare la Sanbernardo uno degli eventi pi\u00f9 importanti nel panorama del motorismo storico Italiano. Oggi siamo alla XXXIV edizione, quindicesima tra quelle di regolarit\u00e0, iscritta a Calendario Nazionale Manifestazioni ASI. In alio oltre ai punti preziosi per la classifica ASI ci sar\u00e0 anche il Trofeo Fratelli Tallia di Delfino, ormai storico partner dalla manifestazione valdostana.<br \/>\nLa gara si svolger\u00e0 su due tappe: il ritrovo \u00e8 previsto sabato mattina ad Aosta in Piazza Chanoux, il salotto buono di Aosta; a partire dalle ore 9.00, verranno effettuate le verifiche sportive, l\u2019esposizione al pubblico delle vetture ed a tutti i concorrenti verr\u00e0 offerta, con inizio alle 11.30, la tradizionale buvette di prodotti tipici valdostani. La prima frazione di gara prender\u00e0 avvio alle ore 13.00 e vedr\u00e0 i concorrenti impegnati su un percorso di circa 90 km con 37 prove cronometrate.<br \/>\nI Concorrenti transiteranno per il Comuni di Saint-Christophe, Quart, Nus, Verrayes, Chambave per poi raggiungere Fenis per una sosta ristoro. Ripercorreranno a ritroso il percorso sino a Chambave per poi dirigersi a Pontey, Chatillon e terminare la prima giornata di gara a Saint-Vincent dove saranno ospitati per la cena ed il pernottamento allo storico Hotel Billia.<br \/>\nDomenica mattina, la seconda tappa si articoler\u00e0 su circa 100 chilometri con 28 Prove Cronometrate. Il via verr\u00e0 data a Saint-Vincent alle ore 8,30; i concorrenti risaliranno la Valle lungo la SS 26 sino a Pollein. Raggiungeranno quindi Aosta dove effettueranno 2 prove di precisione in piazza Chanoux per poi iniziare la scalata al Colle del Gran San Bernardo. Arrivati sul Colle<br \/>\nI concorrenti inizieranno la discesa alla volta di Etroubles dove verr\u00e0 loro offerto un aperitivo. La manifestazione si concluder\u00e0 a Sarre dove presso l\u2019Hotel Etoile du Nord verr\u00e0 servito il pranzo, esposte le classifiche e premiati i vincitori. Alla gara potranno partecipare 70 autovetture.<br \/>\nLe iscrizioni apriranno il 10 aprile.<\/p>\n","protected":false},"excerpt":{"rendered":"","protected":false},"author":10,"featured_media":15819,"comment_status":"open","ping_status":"closed","sticky":false,"template":"","format":"standard","meta":[],"categories":[10],"tags":[],"news-destination":[],"news-source":[],"is_homepage":[],"ta_other":[],"_links":{"self":[{"href":"https:\/\/www.ilmercoledi.news\/ilmercoledi\/news\/wp-json\/wp\/v2\/posts\/15818"}],"collection":[{"href":"https:\/\/www.ilmercoledi.news\/ilmercoledi\/news\/wp-json\/wp\/v2\/posts"}],"about":[{"href":"https:\/\/www.ilmercoledi.news\/ilmercoledi\/news\/wp-json\/wp\/v2\/types\/post"}],"author":[{"embeddable":true,"href":"https:\/\/www.ilmercoledi.news\/ilmercoledi\/news\/wp-json\/wp\/v2\/users\/10"}],"replies":[{"embeddable":true,"href":"https:\/\/www.ilmercoledi.news\/ilmercoledi\/news\/wp-json\/wp\/v2\/comments?post=15818"}],"version-history":[{"count":2,"href":"https:\/\/www.ilmercoledi.news\/ilmercoledi\/news\/wp-json\/wp\/v2\/posts\/15818\/revisions"}],"predecessor-version":[{"id":15821,"href":"https:\/\/www.ilmercoledi.news\/ilmercoledi\/news\/wp-json\/wp\/v2\/posts\/15818\/revisions\/15821"}],"wp:featuredmedia":[{"embeddable":true,"href":"https:\/\/www.ilmercoledi.news\/ilmercoledi\/news\/wp-json\/wp\/v2\/media\/15819"}],"wp:attachment":[{"href":"https:\/\/www.ilmercoledi.news\/ilmercoledi\/news\/wp-json\/wp\/v2\/media?parent=15818"}],"wp:term":[{"taxonomy":"category","embeddable":true,"href":"https:\/\/www.ilmercoledi.news\/ilmercoledi\/news\/wp-json\/wp\/v2\/categories?post=15818"},{"taxonomy":"post_tag","embeddable":true,"href":"https:\/\/www.ilmercoledi.news\/ilmercoledi\/news\/wp-json\/wp\/v2\/tags?post=15818"},{"taxonomy":"news-destination","embeddable":true,"href":"https:\/\/www.ilmercoledi.news\/ilmercoledi\/news\/wp-json\/wp\/v2\/news-destination?post=15818"},{"taxonomy":"news-source","embeddable":true,"href":"https:\/\/www.ilmercoledi.news\/ilmercoledi\/news\/wp-json\/wp\/v2\/news-source?post=15818"},{"taxonomy":"is_homepage","embeddable":true,"href":"https:\/\/www.ilmercoledi.news\/ilmercoledi\/news\/wp-json\/wp\/v2\/is_homepage?post=15818"},{"taxonomy":"ta_other","embeddable":true,"href":"https:\/\/www.ilmercoledi.news\/ilmercoledi\/news\/wp-json\/wp\/v2\/ta_other?post=15818"}],"curies":[{"name":"wp","href":"https:\/\/api.w.org\/{rel}","templated":true}]}}