{"id":15846,"date":"2019-02-20T18:04:02","date_gmt":"2019-02-20T17:04:02","guid":{"rendered":"http:\/\/euwps02.tecnavia.com\/ilmercoledi\/news\/?p=15846"},"modified":"2019-02-20T18:14:15","modified_gmt":"2019-02-20T17:14:15","slug":"la-teksid-di-carmagnola-in-cassa-integrazione-il-provvedimento-scattera-in-due-tempi-tra-il-18-e-il-31-marzo","status":"publish","type":"post","link":"https:\/\/www.ilmercoledi.news\/2019\/02\/20\/la-teksid-di-carmagnola-in-cassa-integrazione-il-provvedimento-scattera-in-due-tempi-tra-il-18-e-il-31-marzo\/","title":{"rendered":"La Teksid di Carmagnola in cassa integrazione. Il provvedimento scatter\u00e0 in due tempi tra il 18 e il 31 marzo"},"content":{"rendered":"<p>CARMAGNOLA &#8211; I lavoratori della Teksid Aluminum sono in cassa integrazione. Il provvedimento \u00e8 stato comunicato alle RSA dello stabilimento di via Umberto II ieri, marted\u00ec 19 febbraio: la cassa ordinaria scatter\u00e0 per 670 lavoratori nella settimana dal 18 al 24 marzo, e per 790 lavoratori in quella successiva, dal 25 al 31 marzo.<\/p>\n<p>\u201cAnche stabilimenti che non erano toccati dalla cassa integrazione da oltre sei anni come la Teksid di Carmagnola vengono coinvolti dalle sospensioni del lavoro \u2013 avvertono il segretario generale della Fiom Torino Edi Lazzi e il responsabile per la Fiom Cgil della Teksid di Carmagnola Bruno Ieraci \u2013 Quello che arriva da Carmagnola, dove negli anni scorsi si \u00e8 lavorato spesso anche in regime di straordinario per produrre e fornire i basamenti motore in ghisa e alluminio, \u00e8 un ulteriore campanello d\u2019allarme sulla situazione dell\u2019industria dell\u2019automobile nel nostro territorio. E\u2019 necessario e urgente convocare un tavolo con l\u2019azienda, le organizzazioni sindacali e le istituzioni, a partire dal Governo nazionale, per affrontare la situazione in Italia e in particolare a Torino. Servono gli investimenti, nuovi modelli, ogni giorno che passa la situazione diventa pi\u00f9 drammatica\u201d.<\/p>\n","protected":false},"excerpt":{"rendered":"","protected":false},"author":4,"featured_media":15847,"comment_status":"open","ping_status":"closed","sticky":false,"template":"","format":"standard","meta":[],"categories":[8],"tags":[313,69,315,314,318,321,317,320,84,131,316,312,319],"news-destination":[],"news-source":[],"is_homepage":[],"ta_other":[],"_links":{"self":[{"href":"https:\/\/www.ilmercoledi.news\/ilmercoledi\/news\/wp-json\/wp\/v2\/posts\/15846"}],"collection":[{"href":"https:\/\/www.ilmercoledi.news\/ilmercoledi\/news\/wp-json\/wp\/v2\/posts"}],"about":[{"href":"https:\/\/www.ilmercoledi.news\/ilmercoledi\/news\/wp-json\/wp\/v2\/types\/post"}],"author":[{"embeddable":true,"href":"https:\/\/www.ilmercoledi.news\/ilmercoledi\/news\/wp-json\/wp\/v2\/users\/4"}],"replies":[{"embeddable":true,"href":"https:\/\/www.ilmercoledi.news\/ilmercoledi\/news\/wp-json\/wp\/v2\/comments?post=15846"}],"version-history":[{"count":2,"href":"https:\/\/www.ilmercoledi.news\/ilmercoledi\/news\/wp-json\/wp\/v2\/posts\/15846\/revisions"}],"predecessor-version":[{"id":15849,"href":"https:\/\/www.ilmercoledi.news\/ilmercoledi\/news\/wp-json\/wp\/v2\/posts\/15846\/revisions\/15849"}],"wp:featuredmedia":[{"embeddable":true,"href":"https:\/\/www.ilmercoledi.news\/ilmercoledi\/news\/wp-json\/wp\/v2\/media\/15847"}],"wp:attachment":[{"href":"https:\/\/www.ilmercoledi.news\/ilmercoledi\/news\/wp-json\/wp\/v2\/media?parent=15846"}],"wp:term":[{"taxonomy":"category","embeddable":true,"href":"https:\/\/www.ilmercoledi.news\/ilmercoledi\/news\/wp-json\/wp\/v2\/categories?post=15846"},{"taxonomy":"post_tag","embeddable":true,"href":"https:\/\/www.ilmercoledi.news\/ilmercoledi\/news\/wp-json\/wp\/v2\/tags?post=15846"},{"taxonomy":"news-destination","embeddable":true,"href":"https:\/\/www.ilmercoledi.news\/ilmercoledi\/news\/wp-json\/wp\/v2\/news-destination?post=15846"},{"taxonomy":"news-source","embeddable":true,"href":"https:\/\/www.ilmercoledi.news\/ilmercoledi\/news\/wp-json\/wp\/v2\/news-source?post=15846"},{"taxonomy":"is_homepage","embeddable":true,"href":"https:\/\/www.ilmercoledi.news\/ilmercoledi\/news\/wp-json\/wp\/v2\/is_homepage?post=15846"},{"taxonomy":"ta_other","embeddable":true,"href":"https:\/\/www.ilmercoledi.news\/ilmercoledi\/news\/wp-json\/wp\/v2\/ta_other?post=15846"}],"curies":[{"name":"wp","href":"https:\/\/api.w.org\/{rel}","templated":true}]}}