{"id":15887,"date":"2019-02-21T11:47:58","date_gmt":"2019-02-21T10:47:58","guid":{"rendered":"http:\/\/euwps02.tecnavia.com\/ilmercoledi\/news\/?p=15887"},"modified":"2019-02-21T11:48:02","modified_gmt":"2019-02-21T10:48:02","slug":"judo-atleta-di-villastellone-si-mette-in-vista-allinternazionale-di-como","status":"publish","type":"post","link":"https:\/\/www.ilmercoledi.news\/2019\/02\/21\/judo-atleta-di-villastellone-si-mette-in-vista-allinternazionale-di-como\/","title":{"rendered":"JUDO &#8211; Atleta di Villastellone si mette in vista all\u2019Internazionale di Como"},"content":{"rendered":"<p>GERANZANO &#8211; Medaglia d\u2019argento per il villastellonese Stefano Garnero al 16o Trofeo Internazionale Citt\u00e0 di Como svoltosi sul tatami allestito presso il palazzetto di Geranzano, cittadina in provincia di Varese. Il judoka nostrano in forza all\u2019Akiyama di Settimo Torinese si \u00e8 infatti messo in evidenza nella categoria 50 Kg aggiudicandosi senza difficolt\u00e0 i primi tre combattimenti e segnando una strada che avrebbe potuto portarlo all\u2019oro. In finale per\u00f2 \u00e8 arrivata la sconfitta che ha decretato il suo piazzamento sul podio, non tanto dovuta alla superiorit\u00e0 fisica dell\u2019avversario ma alle sanzioni, in gergo \u00abshido\u00bb le quali vengono principalmente inflitte per errori durante il combattimento: Garnero ne ha accumulate tre contro le due del rivale.<\/p>\n","protected":false},"excerpt":{"rendered":"","protected":false},"author":10,"featured_media":15888,"comment_status":"open","ping_status":"closed","sticky":false,"template":"","format":"standard","meta":[],"categories":[10],"tags":[],"news-destination":[],"news-source":[],"is_homepage":[],"ta_other":[],"_links":{"self":[{"href":"https:\/\/www.ilmercoledi.news\/ilmercoledi\/news\/wp-json\/wp\/v2\/posts\/15887"}],"collection":[{"href":"https:\/\/www.ilmercoledi.news\/ilmercoledi\/news\/wp-json\/wp\/v2\/posts"}],"about":[{"href":"https:\/\/www.ilmercoledi.news\/ilmercoledi\/news\/wp-json\/wp\/v2\/types\/post"}],"author":[{"embeddable":true,"href":"https:\/\/www.ilmercoledi.news\/ilmercoledi\/news\/wp-json\/wp\/v2\/users\/10"}],"replies":[{"embeddable":true,"href":"https:\/\/www.ilmercoledi.news\/ilmercoledi\/news\/wp-json\/wp\/v2\/comments?post=15887"}],"version-history":[{"count":1,"href":"https:\/\/www.ilmercoledi.news\/ilmercoledi\/news\/wp-json\/wp\/v2\/posts\/15887\/revisions"}],"predecessor-version":[{"id":15889,"href":"https:\/\/www.ilmercoledi.news\/ilmercoledi\/news\/wp-json\/wp\/v2\/posts\/15887\/revisions\/15889"}],"wp:featuredmedia":[{"embeddable":true,"href":"https:\/\/www.ilmercoledi.news\/ilmercoledi\/news\/wp-json\/wp\/v2\/media\/15888"}],"wp:attachment":[{"href":"https:\/\/www.ilmercoledi.news\/ilmercoledi\/news\/wp-json\/wp\/v2\/media?parent=15887"}],"wp:term":[{"taxonomy":"category","embeddable":true,"href":"https:\/\/www.ilmercoledi.news\/ilmercoledi\/news\/wp-json\/wp\/v2\/categories?post=15887"},{"taxonomy":"post_tag","embeddable":true,"href":"https:\/\/www.ilmercoledi.news\/ilmercoledi\/news\/wp-json\/wp\/v2\/tags?post=15887"},{"taxonomy":"news-destination","embeddable":true,"href":"https:\/\/www.ilmercoledi.news\/ilmercoledi\/news\/wp-json\/wp\/v2\/news-destination?post=15887"},{"taxonomy":"news-source","embeddable":true,"href":"https:\/\/www.ilmercoledi.news\/ilmercoledi\/news\/wp-json\/wp\/v2\/news-source?post=15887"},{"taxonomy":"is_homepage","embeddable":true,"href":"https:\/\/www.ilmercoledi.news\/ilmercoledi\/news\/wp-json\/wp\/v2\/is_homepage?post=15887"},{"taxonomy":"ta_other","embeddable":true,"href":"https:\/\/www.ilmercoledi.news\/ilmercoledi\/news\/wp-json\/wp\/v2\/ta_other?post=15887"}],"curies":[{"name":"wp","href":"https:\/\/api.w.org\/{rel}","templated":true}]}}