{"id":15891,"date":"2019-02-21T11:49:55","date_gmt":"2019-02-21T10:49:55","guid":{"rendered":"http:\/\/euwps02.tecnavia.com\/ilmercoledi\/news\/?p=15891"},"modified":"2019-02-21T11:49:58","modified_gmt":"2019-02-21T10:49:58","slug":"rally-due-gi-sport-in-festa","status":"publish","type":"post","link":"https:\/\/www.ilmercoledi.news\/2019\/02\/21\/rally-due-gi-sport-in-festa\/","title":{"rendered":"RALLY: Due Gi Sport in festa"},"content":{"rendered":"<p>RIVA DI CHIERI &#8211; Dopo un primissimo assaggio dell\u2019annata corsaiola appena iniziata, avuto lo scorso 9 febbraio al Val Merula di Andora, per la Due Gi Sport Moncalieri era tempo di rivivere i fasti della stagione 2018 attraverso il tradizionale incontro conviviale in cui il sodalizio presieduto da Giorgio Gabetti consegna riconoscimenti ai propri componenti, destinando i pi\u00f9 particolari a chi tra loro ha saputo distinguersi maggiormente. Un\u2019occasione arrivata sabato scorso all\u2019Esperance di Riva presso Chieri, da qualche tempo \u00abbuen retiro\u00bb della simpatica cricca di driver che in questo 2019 entra ufficialmente nel trentunesimo anno di attivit\u00e0. E dopo i ringraziamenti agli sponsor e a tutte le persone che hanno lavorato in seno al team in questi anni \u00e8 arrivato il primo premio speciale, andato a Fabrizio Ponzano che della 2G \u00e8 lo storico \u00absegretario\u00bb incaricato di seguire le iscrizioni e quant\u2019altro c\u2019\u00e8 di burocratico alla vigilia di un rally. Riconoscimento al top anche per Gianluca Tavelli e Nicol\u00f2 Cottellero, equipaggio che ha portato il gagliardetto dueggino all\u2019\u00abADAC Rallye Deutschland\u00bb e tra un mese far\u00e0 lo stesso al Tour de Corse, evento che porter\u00e0 il circo motoristico del mondiale sull\u2019isola francese. Ma nel frattempo si strizza l\u2019occhio al vicino Ronde del Canavese, secondo appuntamento griffato 2019 del nord ovest e sempre assai gettonato tra i piloti di Moncalieri e dintorni, in programma per il fine settimana in arrivo, 23-24 febbraio, con pedana in quel di Rivarolo.<\/p>\n","protected":false},"excerpt":{"rendered":"","protected":false},"author":10,"featured_media":15892,"comment_status":"open","ping_status":"closed","sticky":false,"template":"","format":"standard","meta":[],"categories":[34,10],"tags":[],"news-destination":[],"news-source":[],"is_homepage":[],"ta_other":[],"_links":{"self":[{"href":"https:\/\/www.ilmercoledi.news\/ilmercoledi\/news\/wp-json\/wp\/v2\/posts\/15891"}],"collection":[{"href":"https:\/\/www.ilmercoledi.news\/ilmercoledi\/news\/wp-json\/wp\/v2\/posts"}],"about":[{"href":"https:\/\/www.ilmercoledi.news\/ilmercoledi\/news\/wp-json\/wp\/v2\/types\/post"}],"author":[{"embeddable":true,"href":"https:\/\/www.ilmercoledi.news\/ilmercoledi\/news\/wp-json\/wp\/v2\/users\/10"}],"replies":[{"embeddable":true,"href":"https:\/\/www.ilmercoledi.news\/ilmercoledi\/news\/wp-json\/wp\/v2\/comments?post=15891"}],"version-history":[{"count":1,"href":"https:\/\/www.ilmercoledi.news\/ilmercoledi\/news\/wp-json\/wp\/v2\/posts\/15891\/revisions"}],"predecessor-version":[{"id":15893,"href":"https:\/\/www.ilmercoledi.news\/ilmercoledi\/news\/wp-json\/wp\/v2\/posts\/15891\/revisions\/15893"}],"wp:featuredmedia":[{"embeddable":true,"href":"https:\/\/www.ilmercoledi.news\/ilmercoledi\/news\/wp-json\/wp\/v2\/media\/15892"}],"wp:attachment":[{"href":"https:\/\/www.ilmercoledi.news\/ilmercoledi\/news\/wp-json\/wp\/v2\/media?parent=15891"}],"wp:term":[{"taxonomy":"category","embeddable":true,"href":"https:\/\/www.ilmercoledi.news\/ilmercoledi\/news\/wp-json\/wp\/v2\/categories?post=15891"},{"taxonomy":"post_tag","embeddable":true,"href":"https:\/\/www.ilmercoledi.news\/ilmercoledi\/news\/wp-json\/wp\/v2\/tags?post=15891"},{"taxonomy":"news-destination","embeddable":true,"href":"https:\/\/www.ilmercoledi.news\/ilmercoledi\/news\/wp-json\/wp\/v2\/news-destination?post=15891"},{"taxonomy":"news-source","embeddable":true,"href":"https:\/\/www.ilmercoledi.news\/ilmercoledi\/news\/wp-json\/wp\/v2\/news-source?post=15891"},{"taxonomy":"is_homepage","embeddable":true,"href":"https:\/\/www.ilmercoledi.news\/ilmercoledi\/news\/wp-json\/wp\/v2\/is_homepage?post=15891"},{"taxonomy":"ta_other","embeddable":true,"href":"https:\/\/www.ilmercoledi.news\/ilmercoledi\/news\/wp-json\/wp\/v2\/ta_other?post=15891"}],"curies":[{"name":"wp","href":"https:\/\/api.w.org\/{rel}","templated":true}]}}