{"id":15931,"date":"2019-02-22T09:10:03","date_gmt":"2019-02-22T08:10:03","guid":{"rendered":"http:\/\/euwps02.tecnavia.com\/ilmercoledi\/news\/?p=15931"},"modified":"2019-02-22T09:10:06","modified_gmt":"2019-02-22T08:10:06","slug":"moncalierese-inseguito-e-arrestato-dalla-polizia-a-torino","status":"publish","type":"post","link":"https:\/\/www.ilmercoledi.news\/2019\/02\/22\/moncalierese-inseguito-e-arrestato-dalla-polizia-a-torino\/","title":{"rendered":"Moncalierese inseguito e arrestato dalla polizia a Torino"},"content":{"rendered":"<p>MONCALIERI &#8211; Era un moncalierese di 36 anni l\u2019automobilista in stato di ebbrezza che, alla guida di una Ford Fiesta, ha seminato il panico a Torino imboccando corsi e vie in contromano, nonch\u00e9 rischiando di investire due ragazze in bicicletta. Bloccato da pi\u00f9 pattuglie della polizia in corso Re Umberto, ha continuato la fuga a piedi ma alla fine, dopo una breve colluttazione, \u00e8 stato immobilizzato e arrestato per lesioni e resistenza a pubblico ufficiale. Sottoposto all\u2019alcoltest, aveva un tasso di 1,88, ben oltre il limite imposto dalla legge.<\/p>\n","protected":false},"excerpt":{"rendered":"","protected":false},"author":10,"featured_media":15932,"comment_status":"open","ping_status":"closed","sticky":false,"template":"","format":"standard","meta":[],"categories":[34,8],"tags":[],"news-destination":[],"news-source":[],"is_homepage":[],"ta_other":[],"_links":{"self":[{"href":"https:\/\/www.ilmercoledi.news\/ilmercoledi\/news\/wp-json\/wp\/v2\/posts\/15931"}],"collection":[{"href":"https:\/\/www.ilmercoledi.news\/ilmercoledi\/news\/wp-json\/wp\/v2\/posts"}],"about":[{"href":"https:\/\/www.ilmercoledi.news\/ilmercoledi\/news\/wp-json\/wp\/v2\/types\/post"}],"author":[{"embeddable":true,"href":"https:\/\/www.ilmercoledi.news\/ilmercoledi\/news\/wp-json\/wp\/v2\/users\/10"}],"replies":[{"embeddable":true,"href":"https:\/\/www.ilmercoledi.news\/ilmercoledi\/news\/wp-json\/wp\/v2\/comments?post=15931"}],"version-history":[{"count":1,"href":"https:\/\/www.ilmercoledi.news\/ilmercoledi\/news\/wp-json\/wp\/v2\/posts\/15931\/revisions"}],"predecessor-version":[{"id":15933,"href":"https:\/\/www.ilmercoledi.news\/ilmercoledi\/news\/wp-json\/wp\/v2\/posts\/15931\/revisions\/15933"}],"wp:featuredmedia":[{"embeddable":true,"href":"https:\/\/www.ilmercoledi.news\/ilmercoledi\/news\/wp-json\/wp\/v2\/media\/15932"}],"wp:attachment":[{"href":"https:\/\/www.ilmercoledi.news\/ilmercoledi\/news\/wp-json\/wp\/v2\/media?parent=15931"}],"wp:term":[{"taxonomy":"category","embeddable":true,"href":"https:\/\/www.ilmercoledi.news\/ilmercoledi\/news\/wp-json\/wp\/v2\/categories?post=15931"},{"taxonomy":"post_tag","embeddable":true,"href":"https:\/\/www.ilmercoledi.news\/ilmercoledi\/news\/wp-json\/wp\/v2\/tags?post=15931"},{"taxonomy":"news-destination","embeddable":true,"href":"https:\/\/www.ilmercoledi.news\/ilmercoledi\/news\/wp-json\/wp\/v2\/news-destination?post=15931"},{"taxonomy":"news-source","embeddable":true,"href":"https:\/\/www.ilmercoledi.news\/ilmercoledi\/news\/wp-json\/wp\/v2\/news-source?post=15931"},{"taxonomy":"is_homepage","embeddable":true,"href":"https:\/\/www.ilmercoledi.news\/ilmercoledi\/news\/wp-json\/wp\/v2\/is_homepage?post=15931"},{"taxonomy":"ta_other","embeddable":true,"href":"https:\/\/www.ilmercoledi.news\/ilmercoledi\/news\/wp-json\/wp\/v2\/ta_other?post=15931"}],"curies":[{"name":"wp","href":"https:\/\/api.w.org\/{rel}","templated":true}]}}