{"id":15939,"date":"2019-02-22T09:19:50","date_gmt":"2019-02-22T08:19:50","guid":{"rendered":"http:\/\/euwps02.tecnavia.com\/ilmercoledi\/news\/?p=15939"},"modified":"2019-02-22T09:19:53","modified_gmt":"2019-02-22T08:19:53","slug":"la-loggia-un-evento-dedicato-a-de-andre","status":"publish","type":"post","link":"https:\/\/www.ilmercoledi.news\/2019\/02\/22\/la-loggia-un-evento-dedicato-a-de-andre\/","title":{"rendered":"LA LOGGIA: un evento dedicato a De Andr\u00e9"},"content":{"rendered":"<p>Prenotazioni aperte allo spettacolo dedicato alla musica e alle parole di De Andr\u00e9 proposto da Comune e pro loco, nonch\u00e9 voluto per raccogliere fondi da destinare a favore di progetti di sostegno rivolti alle donne in particolare stato di difficolt\u00e0. Verr\u00e0 messo in scena l\u20198 marzo al teatrino della Fenoglio (via Vinovo 1) con ingresso ad offerta libera; se interessati confermare la propria presenza, entro le 14 del giorno della rappresentazione, allo 011.965.81.07 in orario 12-14 dal luned\u00ec al venerd\u00ec. Ad esibirsi saranno Paolo Cerrato e la piccola orchestra Sand Creek.<\/p>\n","protected":false},"excerpt":{"rendered":"","protected":false},"author":10,"featured_media":15940,"comment_status":"open","ping_status":"closed","sticky":false,"template":"","format":"standard","meta":[],"categories":[34,9],"tags":[],"news-destination":[],"news-source":[],"is_homepage":[],"ta_other":[],"_links":{"self":[{"href":"https:\/\/www.ilmercoledi.news\/ilmercoledi\/news\/wp-json\/wp\/v2\/posts\/15939"}],"collection":[{"href":"https:\/\/www.ilmercoledi.news\/ilmercoledi\/news\/wp-json\/wp\/v2\/posts"}],"about":[{"href":"https:\/\/www.ilmercoledi.news\/ilmercoledi\/news\/wp-json\/wp\/v2\/types\/post"}],"author":[{"embeddable":true,"href":"https:\/\/www.ilmercoledi.news\/ilmercoledi\/news\/wp-json\/wp\/v2\/users\/10"}],"replies":[{"embeddable":true,"href":"https:\/\/www.ilmercoledi.news\/ilmercoledi\/news\/wp-json\/wp\/v2\/comments?post=15939"}],"version-history":[{"count":1,"href":"https:\/\/www.ilmercoledi.news\/ilmercoledi\/news\/wp-json\/wp\/v2\/posts\/15939\/revisions"}],"predecessor-version":[{"id":15941,"href":"https:\/\/www.ilmercoledi.news\/ilmercoledi\/news\/wp-json\/wp\/v2\/posts\/15939\/revisions\/15941"}],"wp:featuredmedia":[{"embeddable":true,"href":"https:\/\/www.ilmercoledi.news\/ilmercoledi\/news\/wp-json\/wp\/v2\/media\/15940"}],"wp:attachment":[{"href":"https:\/\/www.ilmercoledi.news\/ilmercoledi\/news\/wp-json\/wp\/v2\/media?parent=15939"}],"wp:term":[{"taxonomy":"category","embeddable":true,"href":"https:\/\/www.ilmercoledi.news\/ilmercoledi\/news\/wp-json\/wp\/v2\/categories?post=15939"},{"taxonomy":"post_tag","embeddable":true,"href":"https:\/\/www.ilmercoledi.news\/ilmercoledi\/news\/wp-json\/wp\/v2\/tags?post=15939"},{"taxonomy":"news-destination","embeddable":true,"href":"https:\/\/www.ilmercoledi.news\/ilmercoledi\/news\/wp-json\/wp\/v2\/news-destination?post=15939"},{"taxonomy":"news-source","embeddable":true,"href":"https:\/\/www.ilmercoledi.news\/ilmercoledi\/news\/wp-json\/wp\/v2\/news-source?post=15939"},{"taxonomy":"is_homepage","embeddable":true,"href":"https:\/\/www.ilmercoledi.news\/ilmercoledi\/news\/wp-json\/wp\/v2\/is_homepage?post=15939"},{"taxonomy":"ta_other","embeddable":true,"href":"https:\/\/www.ilmercoledi.news\/ilmercoledi\/news\/wp-json\/wp\/v2\/ta_other?post=15939"}],"curies":[{"name":"wp","href":"https:\/\/api.w.org\/{rel}","templated":true}]}}