{"id":15962,"date":"2019-02-22T12:08:38","date_gmt":"2019-02-22T11:08:38","guid":{"rendered":"http:\/\/euwps02.tecnavia.com\/ilmercoledi\/news\/?p=15962"},"modified":"2019-02-22T12:08:40","modified_gmt":"2019-02-22T11:08:40","slug":"mercoledi-27-febbraio-la-conferenza-metropolitana-dei-sindaci-al-centro-dup-bilancio-2019-2021-e-pums","status":"publish","type":"post","link":"https:\/\/www.ilmercoledi.news\/2019\/02\/22\/mercoledi-27-febbraio-la-conferenza-metropolitana-dei-sindaci-al-centro-dup-bilancio-2019-2021-e-pums\/","title":{"rendered":"Mercoled\u00ec 27 febbraio la conferenza metropolitana dei sindaci: al centro DUP, bilancio 2019-2021 e PUMS"},"content":{"rendered":"<p>Analisi del Documento\u00a0Unico di\u00a0Programmazione\u00a0e sul\u00a0Bilancio di previsione 2019-2021, ma anche il via libera alla redazione del Piano Urbano della Mobilit\u00e0 Sostenibile. Sono i temi principali che dovr\u00e0 affrontare la conferenza metropolitana dei sindaci che si terr\u00e0 mercoled\u00ec 27 febbraio alle 10 nella sede di corso Inghilterra a Torino.<\/p>\n<p>Tra gli altri punti all\u2019ordine del giorno, la\u00a0mappa metropolitana delle aree soggette a limitazione veicolare secondo il \u201cProtocollo padano\u201d, il\u00a0piano per il contenimento del cinghiale 2019-2023 e il regolamento per la disciplina delle riunioni indette per il concorso alla formazione dei Piani Territoriali di competenza metropolitana.<\/p>\n","protected":false},"excerpt":{"rendered":"","protected":false},"author":4,"featured_media":10400,"comment_status":"open","ping_status":"closed","sticky":false,"template":"","format":"standard","meta":[],"categories":[294],"tags":[],"news-destination":[],"news-source":[],"is_homepage":[],"ta_other":[],"_links":{"self":[{"href":"https:\/\/www.ilmercoledi.news\/ilmercoledi\/news\/wp-json\/wp\/v2\/posts\/15962"}],"collection":[{"href":"https:\/\/www.ilmercoledi.news\/ilmercoledi\/news\/wp-json\/wp\/v2\/posts"}],"about":[{"href":"https:\/\/www.ilmercoledi.news\/ilmercoledi\/news\/wp-json\/wp\/v2\/types\/post"}],"author":[{"embeddable":true,"href":"https:\/\/www.ilmercoledi.news\/ilmercoledi\/news\/wp-json\/wp\/v2\/users\/4"}],"replies":[{"embeddable":true,"href":"https:\/\/www.ilmercoledi.news\/ilmercoledi\/news\/wp-json\/wp\/v2\/comments?post=15962"}],"version-history":[{"count":1,"href":"https:\/\/www.ilmercoledi.news\/ilmercoledi\/news\/wp-json\/wp\/v2\/posts\/15962\/revisions"}],"predecessor-version":[{"id":15963,"href":"https:\/\/www.ilmercoledi.news\/ilmercoledi\/news\/wp-json\/wp\/v2\/posts\/15962\/revisions\/15963"}],"wp:featuredmedia":[{"embeddable":true,"href":"https:\/\/www.ilmercoledi.news\/ilmercoledi\/news\/wp-json\/wp\/v2\/media\/10400"}],"wp:attachment":[{"href":"https:\/\/www.ilmercoledi.news\/ilmercoledi\/news\/wp-json\/wp\/v2\/media?parent=15962"}],"wp:term":[{"taxonomy":"category","embeddable":true,"href":"https:\/\/www.ilmercoledi.news\/ilmercoledi\/news\/wp-json\/wp\/v2\/categories?post=15962"},{"taxonomy":"post_tag","embeddable":true,"href":"https:\/\/www.ilmercoledi.news\/ilmercoledi\/news\/wp-json\/wp\/v2\/tags?post=15962"},{"taxonomy":"news-destination","embeddable":true,"href":"https:\/\/www.ilmercoledi.news\/ilmercoledi\/news\/wp-json\/wp\/v2\/news-destination?post=15962"},{"taxonomy":"news-source","embeddable":true,"href":"https:\/\/www.ilmercoledi.news\/ilmercoledi\/news\/wp-json\/wp\/v2\/news-source?post=15962"},{"taxonomy":"is_homepage","embeddable":true,"href":"https:\/\/www.ilmercoledi.news\/ilmercoledi\/news\/wp-json\/wp\/v2\/is_homepage?post=15962"},{"taxonomy":"ta_other","embeddable":true,"href":"https:\/\/www.ilmercoledi.news\/ilmercoledi\/news\/wp-json\/wp\/v2\/ta_other?post=15962"}],"curies":[{"name":"wp","href":"https:\/\/api.w.org\/{rel}","templated":true}]}}