{"id":15974,"date":"2019-02-22T12:23:20","date_gmt":"2019-02-22T11:23:20","guid":{"rendered":"http:\/\/euwps02.tecnavia.com\/ilmercoledi\/news\/?p=15974"},"modified":"2019-02-22T12:24:33","modified_gmt":"2019-02-22T11:24:33","slug":"chi-sono-gli-homeless-delle-nostre-citta-unindagine-per-conto-della-citta-metropolitana-approfondisce-il-fenomeno","status":"publish","type":"post","link":"https:\/\/www.ilmercoledi.news\/2019\/02\/22\/chi-sono-gli-homeless-delle-nostre-citta-unindagine-per-conto-della-citta-metropolitana-approfondisce-il-fenomeno\/","title":{"rendered":"Chi sono gli homeless delle nostre citt\u00e0? Un&#8217;indagine per conto della Citt\u00e0 metropolitana approfondisce il fenomeno"},"content":{"rendered":"<p>Homeless, cio\u00e8 senza casa. Si tratta di un fenomeno in crescita, non solo nelle metropoli ma anche nei paesi della cintura torinese.<\/p>\n<p>A svelarlo \u00e8 un\u2019indagine per conto della Citt\u00e0 metropolitana\u00a0di Torino\u00a0che ha mappato nel 2017 sul territorio 101 strutture tra dormitori, social housing, mense, centri d\u2019ascolto per la distribuzione di beni di prima necessit\u00e0 e ambulatori sociali; 36 servizi sociali impegnati quotidianamente con utenza homeless; oltre 50 i comuni interessati dal fenomeno e pi\u00f9 di 30 quelli che concedono la residenza anagrafica in una via fittizia per permettere ai senza tetto l\u2019accesso alle prestazioni sociali e sanitarie; 550 i senza dimora censiti.<\/p>\n<p>L\u2019ulteriore passaggio riguarda l\u2019aggiornamento della situazione. Spiegano i relatori: \u201cA distanza di un anno, nel 2018, si \u00e8 rilevata un aumento percentuale di 20 % dei senza dimora presenti sul territorio metropolitano, pari a un incremento di 111 unit\u00e0. L\u2019aumento registrato \u00e8 imputabile, in parte, a una pi\u00f9 puntuale annotazione del fenomeno,\u00a0cio\u00e8 con il censimento di\u00a0senza dimora anche in molti Comuni dove il fenomeno non era stato rilevato nel 2017: Lanzo Torinese, Caselle Torinese, Robassomero e Borgaro; Trofarello, Trana, Cuceglio, San Martino Canavese, Mazz\u00e8, Torre Pellice, Pinasca, Usseaux\u201d. In totale sono quindi 60 i Comuni mappati, il 19% di tutto il territorio metropolitano.<\/p>\n<p>La maggior parte degli homeless fuori Torino (fa eccezione Pinerolo) \u00e8 di origine italiana. Le cause del fenomeno sono varie: la \u201cfragilit\u00e0 di base\u201d dovuta a dipendenze, malattie o un passato comune difficile; l\u2019impoverimento economico generalizzato, a cui sono connesse precariet\u00e0 e perdita del lavoro; la situazione di chi si \u00e8 adattato alla strada come stile di vita, che per\u00f2 \u00e8 residuale.<\/p>\n<p>L\u2019indagine completa si pu\u00f2 scaricare al seguente link: http:\/\/www.cittametropolitana.torino.it\/speciali\/2019\/homeless\/dwd\/homeless_studio.pdf.<\/p>\n","protected":false},"excerpt":{"rendered":"","protected":false},"author":4,"featured_media":15975,"comment_status":"open","ping_status":"closed","sticky":false,"template":"","format":"standard","meta":[],"categories":[8],"tags":[],"news-destination":[],"news-source":[],"is_homepage":[],"ta_other":[],"_links":{"self":[{"href":"https:\/\/www.ilmercoledi.news\/ilmercoledi\/news\/wp-json\/wp\/v2\/posts\/15974"}],"collection":[{"href":"https:\/\/www.ilmercoledi.news\/ilmercoledi\/news\/wp-json\/wp\/v2\/posts"}],"about":[{"href":"https:\/\/www.ilmercoledi.news\/ilmercoledi\/news\/wp-json\/wp\/v2\/types\/post"}],"author":[{"embeddable":true,"href":"https:\/\/www.ilmercoledi.news\/ilmercoledi\/news\/wp-json\/wp\/v2\/users\/4"}],"replies":[{"embeddable":true,"href":"https:\/\/www.ilmercoledi.news\/ilmercoledi\/news\/wp-json\/wp\/v2\/comments?post=15974"}],"version-history":[{"count":1,"href":"https:\/\/www.ilmercoledi.news\/ilmercoledi\/news\/wp-json\/wp\/v2\/posts\/15974\/revisions"}],"predecessor-version":[{"id":15976,"href":"https:\/\/www.ilmercoledi.news\/ilmercoledi\/news\/wp-json\/wp\/v2\/posts\/15974\/revisions\/15976"}],"wp:featuredmedia":[{"embeddable":true,"href":"https:\/\/www.ilmercoledi.news\/ilmercoledi\/news\/wp-json\/wp\/v2\/media\/15975"}],"wp:attachment":[{"href":"https:\/\/www.ilmercoledi.news\/ilmercoledi\/news\/wp-json\/wp\/v2\/media?parent=15974"}],"wp:term":[{"taxonomy":"category","embeddable":true,"href":"https:\/\/www.ilmercoledi.news\/ilmercoledi\/news\/wp-json\/wp\/v2\/categories?post=15974"},{"taxonomy":"post_tag","embeddable":true,"href":"https:\/\/www.ilmercoledi.news\/ilmercoledi\/news\/wp-json\/wp\/v2\/tags?post=15974"},{"taxonomy":"news-destination","embeddable":true,"href":"https:\/\/www.ilmercoledi.news\/ilmercoledi\/news\/wp-json\/wp\/v2\/news-destination?post=15974"},{"taxonomy":"news-source","embeddable":true,"href":"https:\/\/www.ilmercoledi.news\/ilmercoledi\/news\/wp-json\/wp\/v2\/news-source?post=15974"},{"taxonomy":"is_homepage","embeddable":true,"href":"https:\/\/www.ilmercoledi.news\/ilmercoledi\/news\/wp-json\/wp\/v2\/is_homepage?post=15974"},{"taxonomy":"ta_other","embeddable":true,"href":"https:\/\/www.ilmercoledi.news\/ilmercoledi\/news\/wp-json\/wp\/v2\/ta_other?post=15974"}],"curies":[{"name":"wp","href":"https:\/\/api.w.org\/{rel}","templated":true}]}}