{"id":15986,"date":"2019-02-22T18:00:34","date_gmt":"2019-02-22T17:00:34","guid":{"rendered":"http:\/\/euwps02.tecnavia.com\/ilmercoledi\/news\/?p=15986"},"modified":"2019-02-22T18:00:37","modified_gmt":"2019-02-22T17:00:37","slug":"pecetto-si-parla-di-frutticoltura-con-la-facolt","status":"publish","type":"post","link":"https:\/\/www.ilmercoledi.news\/2019\/02\/22\/pecetto-si-parla-di-frutticoltura-con-la-facolt\/","title":{"rendered":"PECETTO &#8211; Si parla di frutticoltura con la Facolt"},"content":{"rendered":"<p>PECETTO &#8211; Venerd\u00ec 1 marzo la chiesa sconsacrata dei Bat\u00f9 ospiter\u00e0 un incontro a cura della Facolt, il sodalizio che raccoglie i coltivatori della collina torinese, finalizzato ad illustrare proprio il futuro della frutticoltura sulle alture di Pecetto e dintorni. L\u2019appuntamento \u00e8 per le 21 con l\u2019apertura dei lavori a cura della presidente Facolt Elena Comollo e dell\u2019agronomo Giorgio Quaglio, che funger\u00e0 da moderatore. A seguire vari interventi da parte di esperti del settore.<\/p>\n<p>I dettagli sull\u2019edizione in edicola il 27 febbraio<\/p>\n","protected":false},"excerpt":{"rendered":"","protected":false},"author":10,"featured_media":3229,"comment_status":"open","ping_status":"closed","sticky":false,"template":"","format":"standard","meta":[],"categories":[288,34],"tags":[],"news-destination":[],"news-source":[],"is_homepage":[],"ta_other":[],"_links":{"self":[{"href":"https:\/\/www.ilmercoledi.news\/ilmercoledi\/news\/wp-json\/wp\/v2\/posts\/15986"}],"collection":[{"href":"https:\/\/www.ilmercoledi.news\/ilmercoledi\/news\/wp-json\/wp\/v2\/posts"}],"about":[{"href":"https:\/\/www.ilmercoledi.news\/ilmercoledi\/news\/wp-json\/wp\/v2\/types\/post"}],"author":[{"embeddable":true,"href":"https:\/\/www.ilmercoledi.news\/ilmercoledi\/news\/wp-json\/wp\/v2\/users\/10"}],"replies":[{"embeddable":true,"href":"https:\/\/www.ilmercoledi.news\/ilmercoledi\/news\/wp-json\/wp\/v2\/comments?post=15986"}],"version-history":[{"count":1,"href":"https:\/\/www.ilmercoledi.news\/ilmercoledi\/news\/wp-json\/wp\/v2\/posts\/15986\/revisions"}],"predecessor-version":[{"id":15987,"href":"https:\/\/www.ilmercoledi.news\/ilmercoledi\/news\/wp-json\/wp\/v2\/posts\/15986\/revisions\/15987"}],"wp:featuredmedia":[{"embeddable":true,"href":"https:\/\/www.ilmercoledi.news\/ilmercoledi\/news\/wp-json\/wp\/v2\/media\/3229"}],"wp:attachment":[{"href":"https:\/\/www.ilmercoledi.news\/ilmercoledi\/news\/wp-json\/wp\/v2\/media?parent=15986"}],"wp:term":[{"taxonomy":"category","embeddable":true,"href":"https:\/\/www.ilmercoledi.news\/ilmercoledi\/news\/wp-json\/wp\/v2\/categories?post=15986"},{"taxonomy":"post_tag","embeddable":true,"href":"https:\/\/www.ilmercoledi.news\/ilmercoledi\/news\/wp-json\/wp\/v2\/tags?post=15986"},{"taxonomy":"news-destination","embeddable":true,"href":"https:\/\/www.ilmercoledi.news\/ilmercoledi\/news\/wp-json\/wp\/v2\/news-destination?post=15986"},{"taxonomy":"news-source","embeddable":true,"href":"https:\/\/www.ilmercoledi.news\/ilmercoledi\/news\/wp-json\/wp\/v2\/news-source?post=15986"},{"taxonomy":"is_homepage","embeddable":true,"href":"https:\/\/www.ilmercoledi.news\/ilmercoledi\/news\/wp-json\/wp\/v2\/is_homepage?post=15986"},{"taxonomy":"ta_other","embeddable":true,"href":"https:\/\/www.ilmercoledi.news\/ilmercoledi\/news\/wp-json\/wp\/v2\/ta_other?post=15986"}],"curies":[{"name":"wp","href":"https:\/\/api.w.org\/{rel}","templated":true}]}}