{"id":16069,"date":"2019-02-26T14:55:42","date_gmt":"2019-02-26T13:55:42","guid":{"rendered":"http:\/\/euwps02.tecnavia.com\/ilmercoledi\/news\/?p=16069"},"modified":"2019-02-27T07:57:25","modified_gmt":"2019-02-27T06:57:25","slug":"santena-postazione-autovelox-in-via-trinita","status":"publish","type":"post","link":"https:\/\/www.ilmercoledi.news\/2019\/02\/26\/santena-postazione-autovelox-in-via-trinita\/","title":{"rendered":"SANTENA &#8211; Postazione autovelox in via Trinit\u00e0"},"content":{"rendered":"<p>Da luned\u00ec 25 febbraio 2019 \u00e8 stata posizionata una postazione per il controllo della velocit\u00e0 in via Trinit\u00e0, a Santena nei pressi dell&#8217;incrocio con piazza Carducci. Il dispositivo sar\u00e0 collocato prima dell&#8217;intersezione ove avviene l&#8217;immissione degli autobus dal capolinea delle linee 45 e 45\/ e via Gozzano ove sono collocate le scuole elementari in un ottica finalizzata alla sicurezza dei residenti e degli studenti. Il limite di velocit\u00e0 \u00e8 di 50 km\/h.<\/p>\n","protected":false},"excerpt":{"rendered":"","protected":false},"author":11,"featured_media":16070,"comment_status":"open","ping_status":"closed","sticky":false,"template":"","format":"standard","meta":[],"categories":[34],"tags":[],"news-destination":[],"news-source":[],"is_homepage":[],"ta_other":[],"_links":{"self":[{"href":"https:\/\/www.ilmercoledi.news\/ilmercoledi\/news\/wp-json\/wp\/v2\/posts\/16069"}],"collection":[{"href":"https:\/\/www.ilmercoledi.news\/ilmercoledi\/news\/wp-json\/wp\/v2\/posts"}],"about":[{"href":"https:\/\/www.ilmercoledi.news\/ilmercoledi\/news\/wp-json\/wp\/v2\/types\/post"}],"author":[{"embeddable":true,"href":"https:\/\/www.ilmercoledi.news\/ilmercoledi\/news\/wp-json\/wp\/v2\/users\/11"}],"replies":[{"embeddable":true,"href":"https:\/\/www.ilmercoledi.news\/ilmercoledi\/news\/wp-json\/wp\/v2\/comments?post=16069"}],"version-history":[{"count":2,"href":"https:\/\/www.ilmercoledi.news\/ilmercoledi\/news\/wp-json\/wp\/v2\/posts\/16069\/revisions"}],"predecessor-version":[{"id":16072,"href":"https:\/\/www.ilmercoledi.news\/ilmercoledi\/news\/wp-json\/wp\/v2\/posts\/16069\/revisions\/16072"}],"wp:featuredmedia":[{"embeddable":true,"href":"https:\/\/www.ilmercoledi.news\/ilmercoledi\/news\/wp-json\/wp\/v2\/media\/16070"}],"wp:attachment":[{"href":"https:\/\/www.ilmercoledi.news\/ilmercoledi\/news\/wp-json\/wp\/v2\/media?parent=16069"}],"wp:term":[{"taxonomy":"category","embeddable":true,"href":"https:\/\/www.ilmercoledi.news\/ilmercoledi\/news\/wp-json\/wp\/v2\/categories?post=16069"},{"taxonomy":"post_tag","embeddable":true,"href":"https:\/\/www.ilmercoledi.news\/ilmercoledi\/news\/wp-json\/wp\/v2\/tags?post=16069"},{"taxonomy":"news-destination","embeddable":true,"href":"https:\/\/www.ilmercoledi.news\/ilmercoledi\/news\/wp-json\/wp\/v2\/news-destination?post=16069"},{"taxonomy":"news-source","embeddable":true,"href":"https:\/\/www.ilmercoledi.news\/ilmercoledi\/news\/wp-json\/wp\/v2\/news-source?post=16069"},{"taxonomy":"is_homepage","embeddable":true,"href":"https:\/\/www.ilmercoledi.news\/ilmercoledi\/news\/wp-json\/wp\/v2\/is_homepage?post=16069"},{"taxonomy":"ta_other","embeddable":true,"href":"https:\/\/www.ilmercoledi.news\/ilmercoledi\/news\/wp-json\/wp\/v2\/ta_other?post=16069"}],"curies":[{"name":"wp","href":"https:\/\/api.w.org\/{rel}","templated":true}]}}