{"id":16100,"date":"2019-02-27T14:55:11","date_gmt":"2019-02-27T13:55:11","guid":{"rendered":"http:\/\/euwps02.tecnavia.com\/ilmercoledi\/news\/?p=16100"},"modified":"2019-02-27T14:55:14","modified_gmt":"2019-02-27T13:55:14","slug":"nichelino-laboratori-di-cabaret-alla-libreria-il-cammello","status":"publish","type":"post","link":"https:\/\/www.ilmercoledi.news\/2019\/02\/27\/nichelino-laboratori-di-cabaret-alla-libreria-il-cammello\/","title":{"rendered":"NICHELINO &#8211; Laboratori di cabaret alla libreria &#8220;Il Cammello&#8221;"},"content":{"rendered":"<p>Bella opportunit\u00e0 per gli appassionati cabarettisti e per chi vuole vivere un&#8217;esperienza formativa. Il 13 marzo, infatti, parte il laboratorio di recitazione comica \u201cRidere per ridere\u201d.\u00a0Organizzato dalla libreria \u201cIl Cammello\u201d, con il patrocinio della Citt\u00e0 di Nichelino, il corso sar\u00e0 condotto dagli attori della nota compagnia torinese \u201cI Soggetti &amp; Co\u201d.\u00a0Dodici lezioni (ciascuna di due ore), che si terranno nella\u00a0sede della libreria (via Stupinigi, 4), al mercoled\u00ec, dalle ore 20.45 alle ore 22.45.\u00a0Il corso costa 180 Euro, compresa la copertura assicurativa; all&#8217;iscrizione si dovr\u00e0 versare una caparra (50 euro) con saldo della restante quota alla prima lezione. Per scriversi occorre, ovviamente, essere maggiorenni. In cattedra si alterneranno Arianna Abbruzzese, Giancarlo Barbero e Antonio Spadaro, che insieme a Gennaro De Leo e Laura Righi, compongono i ranghi di una delle pi\u00f9 scatenate compagnie comiche subalpine.\u00a0\u201cRidere fa bene alla salute, serve a lenire il dolore e rende pi\u00f9 liberi\u201d spiegano nella presentazione gli organizzatori. Lo scopo del laboratorio non \u00e8 quello di creare nuovi attori, ma portare alla luce semplicemente alcuni aspetti della personalit\u00e0 e della creativit\u00e0 dei partecipanti, utilizzando uno stile che per anni ha contraddistinto l&#8217;attivit\u00e0 artistica della storica compagnia.<\/p>\n","protected":false},"excerpt":{"rendered":"","protected":false},"author":11,"featured_media":6127,"comment_status":"open","ping_status":"closed","sticky":false,"template":"","format":"standard","meta":[],"categories":[34],"tags":[],"news-destination":[],"news-source":[],"is_homepage":[],"ta_other":[],"_links":{"self":[{"href":"https:\/\/www.ilmercoledi.news\/ilmercoledi\/news\/wp-json\/wp\/v2\/posts\/16100"}],"collection":[{"href":"https:\/\/www.ilmercoledi.news\/ilmercoledi\/news\/wp-json\/wp\/v2\/posts"}],"about":[{"href":"https:\/\/www.ilmercoledi.news\/ilmercoledi\/news\/wp-json\/wp\/v2\/types\/post"}],"author":[{"embeddable":true,"href":"https:\/\/www.ilmercoledi.news\/ilmercoledi\/news\/wp-json\/wp\/v2\/users\/11"}],"replies":[{"embeddable":true,"href":"https:\/\/www.ilmercoledi.news\/ilmercoledi\/news\/wp-json\/wp\/v2\/comments?post=16100"}],"version-history":[{"count":1,"href":"https:\/\/www.ilmercoledi.news\/ilmercoledi\/news\/wp-json\/wp\/v2\/posts\/16100\/revisions"}],"predecessor-version":[{"id":16101,"href":"https:\/\/www.ilmercoledi.news\/ilmercoledi\/news\/wp-json\/wp\/v2\/posts\/16100\/revisions\/16101"}],"wp:featuredmedia":[{"embeddable":true,"href":"https:\/\/www.ilmercoledi.news\/ilmercoledi\/news\/wp-json\/wp\/v2\/media\/6127"}],"wp:attachment":[{"href":"https:\/\/www.ilmercoledi.news\/ilmercoledi\/news\/wp-json\/wp\/v2\/media?parent=16100"}],"wp:term":[{"taxonomy":"category","embeddable":true,"href":"https:\/\/www.ilmercoledi.news\/ilmercoledi\/news\/wp-json\/wp\/v2\/categories?post=16100"},{"taxonomy":"post_tag","embeddable":true,"href":"https:\/\/www.ilmercoledi.news\/ilmercoledi\/news\/wp-json\/wp\/v2\/tags?post=16100"},{"taxonomy":"news-destination","embeddable":true,"href":"https:\/\/www.ilmercoledi.news\/ilmercoledi\/news\/wp-json\/wp\/v2\/news-destination?post=16100"},{"taxonomy":"news-source","embeddable":true,"href":"https:\/\/www.ilmercoledi.news\/ilmercoledi\/news\/wp-json\/wp\/v2\/news-source?post=16100"},{"taxonomy":"is_homepage","embeddable":true,"href":"https:\/\/www.ilmercoledi.news\/ilmercoledi\/news\/wp-json\/wp\/v2\/is_homepage?post=16100"},{"taxonomy":"ta_other","embeddable":true,"href":"https:\/\/www.ilmercoledi.news\/ilmercoledi\/news\/wp-json\/wp\/v2\/ta_other?post=16100"}],"curies":[{"name":"wp","href":"https:\/\/api.w.org\/{rel}","templated":true}]}}