{"id":16110,"date":"2019-02-27T16:52:46","date_gmt":"2019-02-27T15:52:46","guid":{"rendered":"http:\/\/euwps02.tecnavia.com\/ilmercoledi\/news\/?p=16110"},"modified":"2019-02-27T16:52:49","modified_gmt":"2019-02-27T15:52:49","slug":"dona-un-elettrodomestico-astelav-lo-fa-rinascere","status":"publish","type":"post","link":"https:\/\/www.ilmercoledi.news\/2019\/02\/27\/dona-un-elettrodomestico-astelav-lo-fa-rinascere\/","title":{"rendered":"Dona un elettrodomestico, Astelav lo fa rinascere"},"content":{"rendered":"<p>\u201cRi-genero di pi\u00f9\u201d \u00e8 la nuova iniziativa di Astelav, azienda di Vinovo antesignana della riparazione e del riutilizzo di elettrodomestici destinati a finire in discarica. A partire dal primo marzo, in concomitanza di \u201cM&#8217; illumino di meno\u201d, la giornata del risparmio energetico,\u00a0 Astelav dar\u00e0 a ogni persona che le doner\u00e0 una lavatrice, una lavastoviglie o un frigorifero usati un attestato con cui la nominer\u00e0: &#8220;Amico di Ri-generation, amico dell&#8217;ambiente&#8221;. &#8220;Con il tuo gesto &#8211; vi si legge &#8211; hai evitato un inutile spreco di risorse, hai contribuito a un pianeta pi\u00f9 pulito e a un futuro migliore per tutti&#8221;.<\/p>\n<p>&#8220;Ogni anno in Italia &#8211; ricorda Astelav &#8211; si producono circa 800mila tonnellate di RAEE, rifiuti di apparecchiature elettriche ed elettroniche, spesso abbandonati o smaltiti in discariche abusive. Gli elettrodomestici sono tra i rifiuti pi\u00f9 inquinanti, perch\u00e9 contengono materiali difficilmente smaltibili come plastica, ferro e alluminio. Ogni italiano ne produce circa 14 Kg. Calcolando una famiglia media di 2,3 componenti hai anche il dato per famiglia: oltre 30 Kg di RAEE prodotti in un anno&#8221;.<\/p>\n<p>Sempre il 1 marzo l&#8217;azienda lancer\u00e0 una campagna promozionale con uno sconto su un numero selezionato di elettrodomestici rigenerati e messi in vendita online.<\/p>\n<p>Per concordare le modalit\u00e0 del ritiro dell\u2019elettrodomestico contattare il numero 345\/0267664\u00a0 oppure collegarsi al link https:\/\/www.ri-generation.com\/it\/content\/15-dona-il-tuo-elettrodomestico<\/p>\n","protected":false},"excerpt":{"rendered":"","protected":false},"author":7,"featured_media":16112,"comment_status":"open","ping_status":"closed","sticky":false,"template":"","format":"standard","meta":[],"categories":[8],"tags":[331,330,332],"news-destination":[],"news-source":[],"is_homepage":[],"ta_other":[],"_links":{"self":[{"href":"https:\/\/www.ilmercoledi.news\/ilmercoledi\/news\/wp-json\/wp\/v2\/posts\/16110"}],"collection":[{"href":"https:\/\/www.ilmercoledi.news\/ilmercoledi\/news\/wp-json\/wp\/v2\/posts"}],"about":[{"href":"https:\/\/www.ilmercoledi.news\/ilmercoledi\/news\/wp-json\/wp\/v2\/types\/post"}],"author":[{"embeddable":true,"href":"https:\/\/www.ilmercoledi.news\/ilmercoledi\/news\/wp-json\/wp\/v2\/users\/7"}],"replies":[{"embeddable":true,"href":"https:\/\/www.ilmercoledi.news\/ilmercoledi\/news\/wp-json\/wp\/v2\/comments?post=16110"}],"version-history":[{"count":1,"href":"https:\/\/www.ilmercoledi.news\/ilmercoledi\/news\/wp-json\/wp\/v2\/posts\/16110\/revisions"}],"predecessor-version":[{"id":16113,"href":"https:\/\/www.ilmercoledi.news\/ilmercoledi\/news\/wp-json\/wp\/v2\/posts\/16110\/revisions\/16113"}],"wp:featuredmedia":[{"embeddable":true,"href":"https:\/\/www.ilmercoledi.news\/ilmercoledi\/news\/wp-json\/wp\/v2\/media\/16112"}],"wp:attachment":[{"href":"https:\/\/www.ilmercoledi.news\/ilmercoledi\/news\/wp-json\/wp\/v2\/media?parent=16110"}],"wp:term":[{"taxonomy":"category","embeddable":true,"href":"https:\/\/www.ilmercoledi.news\/ilmercoledi\/news\/wp-json\/wp\/v2\/categories?post=16110"},{"taxonomy":"post_tag","embeddable":true,"href":"https:\/\/www.ilmercoledi.news\/ilmercoledi\/news\/wp-json\/wp\/v2\/tags?post=16110"},{"taxonomy":"news-destination","embeddable":true,"href":"https:\/\/www.ilmercoledi.news\/ilmercoledi\/news\/wp-json\/wp\/v2\/news-destination?post=16110"},{"taxonomy":"news-source","embeddable":true,"href":"https:\/\/www.ilmercoledi.news\/ilmercoledi\/news\/wp-json\/wp\/v2\/news-source?post=16110"},{"taxonomy":"is_homepage","embeddable":true,"href":"https:\/\/www.ilmercoledi.news\/ilmercoledi\/news\/wp-json\/wp\/v2\/is_homepage?post=16110"},{"taxonomy":"ta_other","embeddable":true,"href":"https:\/\/www.ilmercoledi.news\/ilmercoledi\/news\/wp-json\/wp\/v2\/ta_other?post=16110"}],"curies":[{"name":"wp","href":"https:\/\/api.w.org\/{rel}","templated":true}]}}