{"id":16115,"date":"2019-02-27T18:00:22","date_gmt":"2019-02-27T17:00:22","guid":{"rendered":"http:\/\/euwps02.tecnavia.com\/ilmercoledi\/news\/?p=16115"},"modified":"2019-02-27T18:00:25","modified_gmt":"2019-02-27T17:00:25","slug":"sanremo-the-story-da-sabato-3-marzo-parco-dora-ospita-la-mostra-itinerante-ideata-da-pepi-morgia","status":"publish","type":"post","link":"https:\/\/www.ilmercoledi.news\/2019\/02\/27\/sanremo-the-story-da-sabato-3-marzo-parco-dora-ospita-la-mostra-itinerante-ideata-da-pepi-morgia\/","title":{"rendered":"Sanremo The Story, da sabato 3 marzo Parco Dora ospita la mostra itinerante ideata da Pepi Morgia"},"content":{"rendered":"<p>Dopo il successo della mostra dedicata all\u2019animazione dei quadri di Claude Monet in 3D, la cultura torna protagonista al Centro Commerciale \u2018Parco Dora\u2019, a Torino in Via Livorno angolo via Treviso.\u00a0A calamitare l\u2019attenzione del pubblico, questa volta sar\u00e0 \u00abSanremo The Story\u00bb, una straordinaria e ricca mostra itinerante interamente dedicata al Festival della Canzone Italiana, che ripercorre la storia del Festival di Sanremo sin dalla prima edizione del 1951 fino ai nostri giorni, attraverso l\u2019esposizione di oggetti e video documentari che fissano e narrano con grande emozione i momenti pi\u00f9 belli ed entusiasmanti dell\u2019evento pi\u00f9 importante del nostro Paese.<\/p>\n<p><em>\u201cUn percorso di visita affascinante, visitabile dal 2 al 24 marzo 2019, frutto di un\u2019iniziativa unica nel suo genere capace di trovare un connubio ideale tra modernit\u00e0, arte e tecnologia. Pi\u00f9 di una semplice retrospettiva sulla kermesse canora, rappresenta una visione pi\u00f9 ampia di queste 68 edizioni, capace di mostrare anche i diversi aspetti sociali legati all\u2019Italia dell\u2019epoca\u201d<\/em>, afferma l\u2019Architetto Emanuele Manca, General Manager del Parco Commerciale Dora nonch\u00e9 professionista attento ai fenomeni culturali e del cambiamento in atto.<\/p>\n<p>Il percorso emozionale che caratterizza \u2018Sanremo The Story\u2019 vanta la presenza di cimeli originali (dischi in vinile, documenti, abiti di scena) del Festival di Sanremo, accompagnati da monitor che proiettano video documentari, su di un\u2019area di 80 metri quadrati che prevedono all\u2019interno, 7 monitor touch ciascuno, predisposto all\u2019ascolto di brani con l\u2019utilizzo di cuffie, un\u2019ampia variet\u00e0 di teche con 45 e 33 giri originali del Festival di Sanremo e altre con esposti con strumenti musicali originali dell\u2019epoca impiegati durante la kermesse.\u00a0E ancora, 30 quadri con locandine storiche delle edizioni del Festival, 70 bacheche con all\u2019interno le copertine di \u2018Tv Sorrisi e Canzoni\u2019 dedicate alla kermesse, impreziosite altres\u00ec da un\u2019insegna luminosa con il popolare logo del noto settimanale di musica e spettacolo.<\/p>\n<p>Completano l\u2019offerta culturale 1 monitor touch con viaggio 3d della mostra, e un altro con una selezione accurata di immagini in loop tratte dai momenti migliori della storia degli anni del Festival.<\/p>\n<p>\u2018Sanremo The Story\u2019 nasce da un\u2019idea di Pepi Morgia, scomparso nel settembre 2011, direttore del \u2018Museo della canzone\u2019 e noto per le sua capacit\u00e0 di regista e light designer.\u00a0Il logo, cos\u00ec come il nome \u2018Sanremo The Story\u2019, \u00e8 stato ideato da Silvano Guidone, socio dello storico pubblicitario torinese \u2018Armando Testa\u2019.<\/p>\n<p>La mostra \u00e8 visitabile dal luned\u00ec al venerd\u00ec dalle 09.30 alle 12.30, e dalle 16.30 alle 19.30. Sabato e domenica dalle 11.00 alle 22.00.<\/p>\n<p>Ingresso libero con offerta minima pari a 1 Euro che verr\u00e0 interamente devoluta per sostenere il progetto \u2018Alternanza Scuola Lavoro\u2019 del Liceo Classico Musicale \u2018Camillo Benso Conte di Cavour\u2019 di Torino, i cui allievi forniranno il servizio di guida durante gli orari di apertura della mostra.<\/p>\n<p>Tutte le informazioni sul sito www.parcocommercialedora.it e sulla relativa pagina FB del Centro Commerciale \u2018Parco Dora\u2019.<\/p>\n","protected":false},"excerpt":{"rendered":"","protected":false},"author":9,"featured_media":16116,"comment_status":"open","ping_status":"closed","sticky":false,"template":"","format":"standard","meta":[],"categories":[9],"tags":[],"news-destination":[],"news-source":[],"is_homepage":[],"ta_other":[],"_links":{"self":[{"href":"https:\/\/www.ilmercoledi.news\/ilmercoledi\/news\/wp-json\/wp\/v2\/posts\/16115"}],"collection":[{"href":"https:\/\/www.ilmercoledi.news\/ilmercoledi\/news\/wp-json\/wp\/v2\/posts"}],"about":[{"href":"https:\/\/www.ilmercoledi.news\/ilmercoledi\/news\/wp-json\/wp\/v2\/types\/post"}],"author":[{"embeddable":true,"href":"https:\/\/www.ilmercoledi.news\/ilmercoledi\/news\/wp-json\/wp\/v2\/users\/9"}],"replies":[{"embeddable":true,"href":"https:\/\/www.ilmercoledi.news\/ilmercoledi\/news\/wp-json\/wp\/v2\/comments?post=16115"}],"version-history":[{"count":1,"href":"https:\/\/www.ilmercoledi.news\/ilmercoledi\/news\/wp-json\/wp\/v2\/posts\/16115\/revisions"}],"predecessor-version":[{"id":16117,"href":"https:\/\/www.ilmercoledi.news\/ilmercoledi\/news\/wp-json\/wp\/v2\/posts\/16115\/revisions\/16117"}],"wp:featuredmedia":[{"embeddable":true,"href":"https:\/\/www.ilmercoledi.news\/ilmercoledi\/news\/wp-json\/wp\/v2\/media\/16116"}],"wp:attachment":[{"href":"https:\/\/www.ilmercoledi.news\/ilmercoledi\/news\/wp-json\/wp\/v2\/media?parent=16115"}],"wp:term":[{"taxonomy":"category","embeddable":true,"href":"https:\/\/www.ilmercoledi.news\/ilmercoledi\/news\/wp-json\/wp\/v2\/categories?post=16115"},{"taxonomy":"post_tag","embeddable":true,"href":"https:\/\/www.ilmercoledi.news\/ilmercoledi\/news\/wp-json\/wp\/v2\/tags?post=16115"},{"taxonomy":"news-destination","embeddable":true,"href":"https:\/\/www.ilmercoledi.news\/ilmercoledi\/news\/wp-json\/wp\/v2\/news-destination?post=16115"},{"taxonomy":"news-source","embeddable":true,"href":"https:\/\/www.ilmercoledi.news\/ilmercoledi\/news\/wp-json\/wp\/v2\/news-source?post=16115"},{"taxonomy":"is_homepage","embeddable":true,"href":"https:\/\/www.ilmercoledi.news\/ilmercoledi\/news\/wp-json\/wp\/v2\/is_homepage?post=16115"},{"taxonomy":"ta_other","embeddable":true,"href":"https:\/\/www.ilmercoledi.news\/ilmercoledi\/news\/wp-json\/wp\/v2\/ta_other?post=16115"}],"curies":[{"name":"wp","href":"https:\/\/api.w.org\/{rel}","templated":true}]}}