{"id":16147,"date":"2019-02-28T16:53:13","date_gmt":"2019-02-28T15:53:13","guid":{"rendered":"http:\/\/euwps02.tecnavia.com\/ilmercoledi\/news\/?p=16147"},"modified":"2019-02-28T16:53:16","modified_gmt":"2019-02-28T15:53:16","slug":"santena-incontro-culturale-con-la-comunita-romena","status":"publish","type":"post","link":"https:\/\/www.ilmercoledi.news\/2019\/02\/28\/santena-incontro-culturale-con-la-comunita-romena\/","title":{"rendered":"SANTENA &#8211; Incontro culturale con la comunit\u00e0 romena"},"content":{"rendered":"<p>Anche Santena nel pomeriggio di sabato 9 marzo celebrer\u00e0 la festa del M\u0103r\u0163i\u015for nell&#8217;evento\u00a0<b>\u201cVoci dal mondo. Santena incontra la cultura romena\u201d.<\/b>\u00a0La manifestazione \u00e8 organizzata dall&#8217;associazione culturale e sociale italo-romena Ovidio in collaborazione con il Comune di Santena.\u00a0Ad ospitare la manifestazione \u00a0in programma a partire dalle 15,30 sar\u00e0 il centro giovani di via Brignole 34, annesso al palazzetto dello sport. L&#8217;ingresso sar\u00e0 gratuito. Il M\u0103r\u0163i\u015for, che in italiano si pronuncia marzishor e pu\u00f2 essere tradotto come \u201cpiccolo marzo, \u00e8 una festa tipica della Romania per accogliere l&#8217;arrivo della primavera. Una ricorrenza molto sentita tra la popolazione rumena e nella Bessarabia romena,\u00a0oggi\u00a0chiamata Repubblica Moldava. Nella tradizione il M\u0103r\u0163i\u015for si confeziona con dei fili bianchi e rossi, di cotone o seta, intrecciati in un cordoncino che si lega a forma di otto. A questo cordoncino viene appeso un ciondolo portafortuna che pu\u00f2 assumere le pi\u00f9 diverse forme simboliche. Le credenze popolari dicono che chi indossa il M\u0103r\u0163i\u015for sar\u00e0 fortunato e in salute per tutto l&#8217;anno.\u00a0Oggi\u00a0l&#8217;usanza consiste nel donare questo ciondolino con il suo fiocco bianco e rosso a tutte le donne, dalle nipoti alle nonne, come augurio di buona fortuna, amore e di buon inizio di primavera.\u00a0I festeggiamenti prenderanno il via alle 15,30 con il laboratorio per i bambini dal titolo \u201cCreazione del \u00a0M\u0103r\u0163i\u015for\u201d.<\/p>\n","protected":false},"excerpt":{"rendered":"","protected":false},"author":11,"featured_media":14570,"comment_status":"open","ping_status":"closed","sticky":false,"template":"","format":"standard","meta":[],"categories":[34],"tags":[],"news-destination":[],"news-source":[],"is_homepage":[],"ta_other":[],"_links":{"self":[{"href":"https:\/\/www.ilmercoledi.news\/ilmercoledi\/news\/wp-json\/wp\/v2\/posts\/16147"}],"collection":[{"href":"https:\/\/www.ilmercoledi.news\/ilmercoledi\/news\/wp-json\/wp\/v2\/posts"}],"about":[{"href":"https:\/\/www.ilmercoledi.news\/ilmercoledi\/news\/wp-json\/wp\/v2\/types\/post"}],"author":[{"embeddable":true,"href":"https:\/\/www.ilmercoledi.news\/ilmercoledi\/news\/wp-json\/wp\/v2\/users\/11"}],"replies":[{"embeddable":true,"href":"https:\/\/www.ilmercoledi.news\/ilmercoledi\/news\/wp-json\/wp\/v2\/comments?post=16147"}],"version-history":[{"count":1,"href":"https:\/\/www.ilmercoledi.news\/ilmercoledi\/news\/wp-json\/wp\/v2\/posts\/16147\/revisions"}],"predecessor-version":[{"id":16148,"href":"https:\/\/www.ilmercoledi.news\/ilmercoledi\/news\/wp-json\/wp\/v2\/posts\/16147\/revisions\/16148"}],"wp:featuredmedia":[{"embeddable":true,"href":"https:\/\/www.ilmercoledi.news\/ilmercoledi\/news\/wp-json\/wp\/v2\/media\/14570"}],"wp:attachment":[{"href":"https:\/\/www.ilmercoledi.news\/ilmercoledi\/news\/wp-json\/wp\/v2\/media?parent=16147"}],"wp:term":[{"taxonomy":"category","embeddable":true,"href":"https:\/\/www.ilmercoledi.news\/ilmercoledi\/news\/wp-json\/wp\/v2\/categories?post=16147"},{"taxonomy":"post_tag","embeddable":true,"href":"https:\/\/www.ilmercoledi.news\/ilmercoledi\/news\/wp-json\/wp\/v2\/tags?post=16147"},{"taxonomy":"news-destination","embeddable":true,"href":"https:\/\/www.ilmercoledi.news\/ilmercoledi\/news\/wp-json\/wp\/v2\/news-destination?post=16147"},{"taxonomy":"news-source","embeddable":true,"href":"https:\/\/www.ilmercoledi.news\/ilmercoledi\/news\/wp-json\/wp\/v2\/news-source?post=16147"},{"taxonomy":"is_homepage","embeddable":true,"href":"https:\/\/www.ilmercoledi.news\/ilmercoledi\/news\/wp-json\/wp\/v2\/is_homepage?post=16147"},{"taxonomy":"ta_other","embeddable":true,"href":"https:\/\/www.ilmercoledi.news\/ilmercoledi\/news\/wp-json\/wp\/v2\/ta_other?post=16147"}],"curies":[{"name":"wp","href":"https:\/\/api.w.org\/{rel}","templated":true}]}}