{"id":16149,"date":"2019-02-28T17:04:37","date_gmt":"2019-02-28T16:04:37","guid":{"rendered":"http:\/\/euwps02.tecnavia.com\/ilmercoledi\/news\/?p=16149"},"modified":"2019-02-28T17:04:39","modified_gmt":"2019-02-28T16:04:39","slug":"moncalieri-prossimo-appuntamento-con-il-commercialista-per-tutti-il-19-marzo","status":"publish","type":"post","link":"https:\/\/www.ilmercoledi.news\/2019\/02\/28\/moncalieri-prossimo-appuntamento-con-il-commercialista-per-tutti-il-19-marzo\/","title":{"rendered":"MONCALIERI &#8211; Prossimo appuntamento con il commercialista per tutti il 19 marzo"},"content":{"rendered":"<p>Quando conviene aprire la partita IVA agevolata? E&#8217; possibile ricevere finanziamenti? Come si avvia un&#8217;attivit\u00e0 o un&#8217;associazione? Come si compila la dichiarazione dei redditi? &#8220;Chiedi al commercialista&#8221; \u00e8 un servizio, dedicato ai giovani fino ai 35 anni, della Citt\u00e0 di Moncalieri che consente di ottenere risposte precise a questi dubbi e approfondire tematiche amministrative, gestionali e fiscali come l&#8217;associazionismo, l&#8217;imprenditoria, le fonti di finanziamento, la partita IVA, il lavoro atipico. Le\u00a0consulenze,\u00a0individuali e\u00a0gratuite,\u00a0hanno una durata di\u00a030 minuti\u00a0.&#8221;Chiedi al commercialista&#8221; \u00e8 un servizio di\u00a0MoncalierInforma. Si trova\u00a0 in\u00a0Via Real Collegio, 44\u00a0a\u00a0Moncalieri;\u00a0\u00e8 aperto il\u00a0marted\u00ec dalle ore 15.00 alle ore 17.00. Il prossimo appuntamento \u00e8 per il 19 marzo.<\/p>\n","protected":false},"excerpt":{"rendered":"","protected":false},"author":11,"featured_media":4560,"comment_status":"open","ping_status":"closed","sticky":false,"template":"","format":"standard","meta":[],"categories":[34],"tags":[],"news-destination":[],"news-source":[],"is_homepage":[],"ta_other":[],"_links":{"self":[{"href":"https:\/\/www.ilmercoledi.news\/ilmercoledi\/news\/wp-json\/wp\/v2\/posts\/16149"}],"collection":[{"href":"https:\/\/www.ilmercoledi.news\/ilmercoledi\/news\/wp-json\/wp\/v2\/posts"}],"about":[{"href":"https:\/\/www.ilmercoledi.news\/ilmercoledi\/news\/wp-json\/wp\/v2\/types\/post"}],"author":[{"embeddable":true,"href":"https:\/\/www.ilmercoledi.news\/ilmercoledi\/news\/wp-json\/wp\/v2\/users\/11"}],"replies":[{"embeddable":true,"href":"https:\/\/www.ilmercoledi.news\/ilmercoledi\/news\/wp-json\/wp\/v2\/comments?post=16149"}],"version-history":[{"count":1,"href":"https:\/\/www.ilmercoledi.news\/ilmercoledi\/news\/wp-json\/wp\/v2\/posts\/16149\/revisions"}],"predecessor-version":[{"id":16150,"href":"https:\/\/www.ilmercoledi.news\/ilmercoledi\/news\/wp-json\/wp\/v2\/posts\/16149\/revisions\/16150"}],"wp:featuredmedia":[{"embeddable":true,"href":"https:\/\/www.ilmercoledi.news\/ilmercoledi\/news\/wp-json\/wp\/v2\/media\/4560"}],"wp:attachment":[{"href":"https:\/\/www.ilmercoledi.news\/ilmercoledi\/news\/wp-json\/wp\/v2\/media?parent=16149"}],"wp:term":[{"taxonomy":"category","embeddable":true,"href":"https:\/\/www.ilmercoledi.news\/ilmercoledi\/news\/wp-json\/wp\/v2\/categories?post=16149"},{"taxonomy":"post_tag","embeddable":true,"href":"https:\/\/www.ilmercoledi.news\/ilmercoledi\/news\/wp-json\/wp\/v2\/tags?post=16149"},{"taxonomy":"news-destination","embeddable":true,"href":"https:\/\/www.ilmercoledi.news\/ilmercoledi\/news\/wp-json\/wp\/v2\/news-destination?post=16149"},{"taxonomy":"news-source","embeddable":true,"href":"https:\/\/www.ilmercoledi.news\/ilmercoledi\/news\/wp-json\/wp\/v2\/news-source?post=16149"},{"taxonomy":"is_homepage","embeddable":true,"href":"https:\/\/www.ilmercoledi.news\/ilmercoledi\/news\/wp-json\/wp\/v2\/is_homepage?post=16149"},{"taxonomy":"ta_other","embeddable":true,"href":"https:\/\/www.ilmercoledi.news\/ilmercoledi\/news\/wp-json\/wp\/v2\/ta_other?post=16149"}],"curies":[{"name":"wp","href":"https:\/\/api.w.org\/{rel}","templated":true}]}}