{"id":16156,"date":"2019-02-28T17:22:48","date_gmt":"2019-02-28T16:22:48","guid":{"rendered":"http:\/\/euwps02.tecnavia.com\/ilmercoledi\/news\/?p=16156"},"modified":"2019-02-28T17:22:51","modified_gmt":"2019-02-28T16:22:51","slug":"moncalieri-nuovo-appuntamento-al-teatro-dravelli","status":"publish","type":"post","link":"https:\/\/www.ilmercoledi.news\/2019\/02\/28\/moncalieri-nuovo-appuntamento-al-teatro-dravelli\/","title":{"rendered":"MONCALIERI &#8211; Nuovo appuntamento al teatro Dravelli"},"content":{"rendered":"<p>Domenica 3 marzo alle 19.45 al\u00a0Teatro Dravelli di Moncalieri, ottavo appuntamento della rassegna &#8220;Fermata Bengasi&#8221;, con &#8220;Radici in tasca&#8221; il nuovo concerto spettacolo\u00a0scritto e interpretato da\u00a0Erika La Ragione, con\u00a0Rocco Di Bisceglie\u00a0alla\u00a0chitarra. Lo spettacolo affronta il tema della migrazione in Italia, quella interna, dal sud al nord, in un intreccio di malinconia per ci\u00f2 che si \u00e8 dovuto lasciare alle spalle e di gioia di vivere in un mondo pieno di nuove opportunit\u00e0.<\/p>\n","protected":false},"excerpt":{"rendered":"","protected":false},"author":11,"featured_media":15687,"comment_status":"open","ping_status":"closed","sticky":false,"template":"","format":"standard","meta":[],"categories":[34],"tags":[],"news-destination":[],"news-source":[],"is_homepage":[],"ta_other":[],"_links":{"self":[{"href":"https:\/\/www.ilmercoledi.news\/ilmercoledi\/news\/wp-json\/wp\/v2\/posts\/16156"}],"collection":[{"href":"https:\/\/www.ilmercoledi.news\/ilmercoledi\/news\/wp-json\/wp\/v2\/posts"}],"about":[{"href":"https:\/\/www.ilmercoledi.news\/ilmercoledi\/news\/wp-json\/wp\/v2\/types\/post"}],"author":[{"embeddable":true,"href":"https:\/\/www.ilmercoledi.news\/ilmercoledi\/news\/wp-json\/wp\/v2\/users\/11"}],"replies":[{"embeddable":true,"href":"https:\/\/www.ilmercoledi.news\/ilmercoledi\/news\/wp-json\/wp\/v2\/comments?post=16156"}],"version-history":[{"count":1,"href":"https:\/\/www.ilmercoledi.news\/ilmercoledi\/news\/wp-json\/wp\/v2\/posts\/16156\/revisions"}],"predecessor-version":[{"id":16157,"href":"https:\/\/www.ilmercoledi.news\/ilmercoledi\/news\/wp-json\/wp\/v2\/posts\/16156\/revisions\/16157"}],"wp:featuredmedia":[{"embeddable":true,"href":"https:\/\/www.ilmercoledi.news\/ilmercoledi\/news\/wp-json\/wp\/v2\/media\/15687"}],"wp:attachment":[{"href":"https:\/\/www.ilmercoledi.news\/ilmercoledi\/news\/wp-json\/wp\/v2\/media?parent=16156"}],"wp:term":[{"taxonomy":"category","embeddable":true,"href":"https:\/\/www.ilmercoledi.news\/ilmercoledi\/news\/wp-json\/wp\/v2\/categories?post=16156"},{"taxonomy":"post_tag","embeddable":true,"href":"https:\/\/www.ilmercoledi.news\/ilmercoledi\/news\/wp-json\/wp\/v2\/tags?post=16156"},{"taxonomy":"news-destination","embeddable":true,"href":"https:\/\/www.ilmercoledi.news\/ilmercoledi\/news\/wp-json\/wp\/v2\/news-destination?post=16156"},{"taxonomy":"news-source","embeddable":true,"href":"https:\/\/www.ilmercoledi.news\/ilmercoledi\/news\/wp-json\/wp\/v2\/news-source?post=16156"},{"taxonomy":"is_homepage","embeddable":true,"href":"https:\/\/www.ilmercoledi.news\/ilmercoledi\/news\/wp-json\/wp\/v2\/is_homepage?post=16156"},{"taxonomy":"ta_other","embeddable":true,"href":"https:\/\/www.ilmercoledi.news\/ilmercoledi\/news\/wp-json\/wp\/v2\/ta_other?post=16156"}],"curies":[{"name":"wp","href":"https:\/\/api.w.org\/{rel}","templated":true}]}}