{"id":16286,"date":"2019-03-05T09:58:35","date_gmt":"2019-03-05T08:58:35","guid":{"rendered":"http:\/\/euwps02.tecnavia.com\/ilmercoledi\/news\/?p=16286"},"modified":"2019-03-05T09:58:37","modified_gmt":"2019-03-05T08:58:37","slug":"cambiano-il-sea-si-sposta-in-via-cavour-a-causa-dei-lavori-che-trasformeranno-la-casa-del-peso-nel-polo-ambulatoriale-del-paese","status":"publish","type":"post","link":"https:\/\/www.ilmercoledi.news\/2019\/03\/05\/cambiano-il-sea-si-sposta-in-via-cavour-a-causa-dei-lavori-che-trasformeranno-la-casa-del-peso-nel-polo-ambulatoriale-del-paese\/","title":{"rendered":"CAMBIANO &#8211; Il Sea si sposta in via Cavour a causa dei lavori che trasformeranno la Casa del Peso nel polo ambulatoriale del paese"},"content":{"rendered":"<p>CAMBIANO &#8211; Entra nel vivo il progetto di trasformazione della storica \u00abCasa del Peso\u00bb di via Onorio Mosso nella \u00abCasa della Salute\u00bb, ovvero il polo sanitario e ambulatoriale del paese, nel quale opereranno tutti i medici di base assegnati al territorio comunale garantendo un servizio che si articoler\u00e0 dalle 8 alle 20, grazie ovviamente ad un sistema di turnazione. Ma per far si che tutto questo diventi una realt\u00e0 occorre dare il via ai lavori, ai quali l\u2019amministrazione guidata dal sindaco Carlo Vergnano ha destinato 55mila euro. Infatti il cantiere \u00e8 alle battute iniziali e per il momento si concentra sul primo piano dell\u2019edificio, motivo per cui il Sea, il servizio emergenza anziani che proprio l\u00ec ha la sua sede, \u00e8 costretto a traslocare per alcune settimane in modo da consentire agli operai di eseguire una serie di interventi idraulici, edili, impiantistici e di falegnameria che ovviamente renderanno gli ambienti invivibili per chi vi dovrebbe lavorare. E allora per tutto questo periodo i volontari del Sea, che lo ricordiamo si occupano di trasportare le persone anziane sole o con problemi di deambulazione alle visite mediche, troveranno spazio nei locali comunali di via Cavour 4\/A. Attenzione quindi, perch\u00e9 questa sar\u00e0 la sede del sodalizio per alcune settimane. Solo a lavori conclusi infatti l\u2019associazione potr\u00e0 riportare il suo quartier generale a Casa Mosso. Che nel frattempo avr\u00e0 iniziato ad assumere la sua nuova forma. La centralissima palazzina infatti andr\u00e0 ad ospitare quattro studi medici distinti con tanto di segreteria e infermeria. E gi\u00e0 nei mesi scorsi, in vista di tale trasformazione, il palazzo civico aveva rivisto la collocazione dei tanti sodalizi che al suo interno erano di casa a tutti gli effetti. Gran parte di esse infatti sono o verranno trasferite in altre location del paese, Alpini, Avis, Aidas e il gi\u00e0  citato Servizio Emergenza Anziani invece dovranno limitarsi solamente a dei traslochi temporanei, limitati alla durata degli interventi strutturali.<\/p>\n","protected":false},"excerpt":{"rendered":"","protected":false},"author":10,"featured_media":16287,"comment_status":"open","ping_status":"closed","sticky":false,"template":"","format":"standard","meta":[],"categories":[34,119],"tags":[],"news-destination":[],"news-source":[],"is_homepage":[],"ta_other":[],"_links":{"self":[{"href":"https:\/\/www.ilmercoledi.news\/ilmercoledi\/news\/wp-json\/wp\/v2\/posts\/16286"}],"collection":[{"href":"https:\/\/www.ilmercoledi.news\/ilmercoledi\/news\/wp-json\/wp\/v2\/posts"}],"about":[{"href":"https:\/\/www.ilmercoledi.news\/ilmercoledi\/news\/wp-json\/wp\/v2\/types\/post"}],"author":[{"embeddable":true,"href":"https:\/\/www.ilmercoledi.news\/ilmercoledi\/news\/wp-json\/wp\/v2\/users\/10"}],"replies":[{"embeddable":true,"href":"https:\/\/www.ilmercoledi.news\/ilmercoledi\/news\/wp-json\/wp\/v2\/comments?post=16286"}],"version-history":[{"count":1,"href":"https:\/\/www.ilmercoledi.news\/ilmercoledi\/news\/wp-json\/wp\/v2\/posts\/16286\/revisions"}],"predecessor-version":[{"id":16288,"href":"https:\/\/www.ilmercoledi.news\/ilmercoledi\/news\/wp-json\/wp\/v2\/posts\/16286\/revisions\/16288"}],"wp:featuredmedia":[{"embeddable":true,"href":"https:\/\/www.ilmercoledi.news\/ilmercoledi\/news\/wp-json\/wp\/v2\/media\/16287"}],"wp:attachment":[{"href":"https:\/\/www.ilmercoledi.news\/ilmercoledi\/news\/wp-json\/wp\/v2\/media?parent=16286"}],"wp:term":[{"taxonomy":"category","embeddable":true,"href":"https:\/\/www.ilmercoledi.news\/ilmercoledi\/news\/wp-json\/wp\/v2\/categories?post=16286"},{"taxonomy":"post_tag","embeddable":true,"href":"https:\/\/www.ilmercoledi.news\/ilmercoledi\/news\/wp-json\/wp\/v2\/tags?post=16286"},{"taxonomy":"news-destination","embeddable":true,"href":"https:\/\/www.ilmercoledi.news\/ilmercoledi\/news\/wp-json\/wp\/v2\/news-destination?post=16286"},{"taxonomy":"news-source","embeddable":true,"href":"https:\/\/www.ilmercoledi.news\/ilmercoledi\/news\/wp-json\/wp\/v2\/news-source?post=16286"},{"taxonomy":"is_homepage","embeddable":true,"href":"https:\/\/www.ilmercoledi.news\/ilmercoledi\/news\/wp-json\/wp\/v2\/is_homepage?post=16286"},{"taxonomy":"ta_other","embeddable":true,"href":"https:\/\/www.ilmercoledi.news\/ilmercoledi\/news\/wp-json\/wp\/v2\/ta_other?post=16286"}],"curies":[{"name":"wp","href":"https:\/\/api.w.org\/{rel}","templated":true}]}}