{"id":16383,"date":"2019-03-07T19:26:01","date_gmt":"2019-03-07T18:26:01","guid":{"rendered":"http:\/\/euwps02.tecnavia.com\/ilmercoledi\/news\/?p=16383"},"modified":"2019-03-07T19:26:05","modified_gmt":"2019-03-07T18:26:05","slug":"nichelino-i-marlene-kuntz-allo-stupinigi-sonic-park","status":"publish","type":"post","link":"https:\/\/www.ilmercoledi.news\/2019\/03\/07\/nichelino-i-marlene-kuntz-allo-stupinigi-sonic-park\/","title":{"rendered":"NICHELINO &#8211; I Marlene Kuntz allo Stupinigi Sonic Park"},"content":{"rendered":"<p>Un&#8217;altra stella musicale illuminer\u00e0 le notti estive 2019 di Stupinigi: il 16 luglio suoneranno allo Stupinigi Sonic Park\u00a0i Marlene Kuntz. Originari della provincia di Cuneo, sono uno dei gruppi cult del noise rock italiano indipendente e alternativo da trent&#8217;anni. La loro \u00e8 una carriera lunga in continua trasformazione. L&#8217;album capolavoro \u00e8 probabilmente &#8220;Catartica&#8221; del 1994, fra le canzoni pi\u00f9 belle ci sono &#8220;Nuotando nell&#8217;aria&#8221; e &#8220;La canzone che scrivo per te&#8221; cantata con Skin degli Skunk Anianse (curiosamente anche loro quest&#8217;estate al SonicPark). Molto bello anche il rifacimento di &#8220;Impressioni di settembre&#8221;. L&#8217;appuntamento a Stupinigi \u00e8 per il 16 luglio, all&#8217;interno del tour estivo &#8220;30 : 20 : 10 MK al quadrato&#8221;. Tickets\u00a0in vendita da venerd\u00ec 8 marzo, ore 14 su Ticketone.<\/p>\n","protected":false},"excerpt":{"rendered":"","protected":false},"author":11,"featured_media":542,"comment_status":"open","ping_status":"closed","sticky":false,"template":"","format":"standard","meta":[],"categories":[9],"tags":[],"news-destination":[],"news-source":[],"is_homepage":[],"ta_other":[],"_links":{"self":[{"href":"https:\/\/www.ilmercoledi.news\/ilmercoledi\/news\/wp-json\/wp\/v2\/posts\/16383"}],"collection":[{"href":"https:\/\/www.ilmercoledi.news\/ilmercoledi\/news\/wp-json\/wp\/v2\/posts"}],"about":[{"href":"https:\/\/www.ilmercoledi.news\/ilmercoledi\/news\/wp-json\/wp\/v2\/types\/post"}],"author":[{"embeddable":true,"href":"https:\/\/www.ilmercoledi.news\/ilmercoledi\/news\/wp-json\/wp\/v2\/users\/11"}],"replies":[{"embeddable":true,"href":"https:\/\/www.ilmercoledi.news\/ilmercoledi\/news\/wp-json\/wp\/v2\/comments?post=16383"}],"version-history":[{"count":1,"href":"https:\/\/www.ilmercoledi.news\/ilmercoledi\/news\/wp-json\/wp\/v2\/posts\/16383\/revisions"}],"predecessor-version":[{"id":16384,"href":"https:\/\/www.ilmercoledi.news\/ilmercoledi\/news\/wp-json\/wp\/v2\/posts\/16383\/revisions\/16384"}],"wp:featuredmedia":[{"embeddable":true,"href":"https:\/\/www.ilmercoledi.news\/ilmercoledi\/news\/wp-json\/wp\/v2\/media\/542"}],"wp:attachment":[{"href":"https:\/\/www.ilmercoledi.news\/ilmercoledi\/news\/wp-json\/wp\/v2\/media?parent=16383"}],"wp:term":[{"taxonomy":"category","embeddable":true,"href":"https:\/\/www.ilmercoledi.news\/ilmercoledi\/news\/wp-json\/wp\/v2\/categories?post=16383"},{"taxonomy":"post_tag","embeddable":true,"href":"https:\/\/www.ilmercoledi.news\/ilmercoledi\/news\/wp-json\/wp\/v2\/tags?post=16383"},{"taxonomy":"news-destination","embeddable":true,"href":"https:\/\/www.ilmercoledi.news\/ilmercoledi\/news\/wp-json\/wp\/v2\/news-destination?post=16383"},{"taxonomy":"news-source","embeddable":true,"href":"https:\/\/www.ilmercoledi.news\/ilmercoledi\/news\/wp-json\/wp\/v2\/news-source?post=16383"},{"taxonomy":"is_homepage","embeddable":true,"href":"https:\/\/www.ilmercoledi.news\/ilmercoledi\/news\/wp-json\/wp\/v2\/is_homepage?post=16383"},{"taxonomy":"ta_other","embeddable":true,"href":"https:\/\/www.ilmercoledi.news\/ilmercoledi\/news\/wp-json\/wp\/v2\/ta_other?post=16383"}],"curies":[{"name":"wp","href":"https:\/\/api.w.org\/{rel}","templated":true}]}}