{"id":16396,"date":"2019-03-08T07:47:31","date_gmt":"2019-03-08T06:47:31","guid":{"rendered":"http:\/\/euwps02.tecnavia.com\/ilmercoledi\/news\/?p=16396"},"modified":"2019-03-08T07:47:33","modified_gmt":"2019-03-08T06:47:33","slug":"trasporti-giornata-difficile-per-chi-deve-viaggiare-con-i-mezzi-pubblici-ce-lo-sciopero","status":"publish","type":"post","link":"https:\/\/www.ilmercoledi.news\/2019\/03\/08\/trasporti-giornata-difficile-per-chi-deve-viaggiare-con-i-mezzi-pubblici-ce-lo-sciopero\/","title":{"rendered":"TRASPORTI &#8211; Giornata difficile per chi deve viaggiare con i mezzi pubblici: c&#8217;\u00e8 lo sciopero"},"content":{"rendered":"<p>Oggi, venerd\u00ec 8 marzo, \u00e8 previsto uno sciopero di 24 ore del settore trasporto pubblico locale, proclamato rispettivamente dalle organizzazioni territoriali Ugl Autoferrotranvieri e Usb Lavoro Privato settore trasporti su temi correlati al Piano Industriale e altre tematiche aziendali di Gtt. L&#8217;organizzazione Usb Lavoro Privato ha anche aderito allo sciopero nazionale generale.Il servizio sar\u00e0 comunque garantito nelle seguenti fasce orarie:Autolinee extraurbane e Servizio Ferroviario (sfm1 \u2013 Canavesana e sfmA \u2013 Torino\u2013Aeroporto\u2013Ceres): da inizio servizio alle ore 8.00 e dalle ore 14.30 alle ore 17.30Servizio URBANO e SUBURBANO e METROPOLITANA: dalle ore 6.00 alle ore 9.00 e dalle ore 12.00 alle ore 15.00Sar\u00e0 assicurato il completamento delle corse in partenza entro il termine delle fasce di servizio garantito.Lo sciopero potr\u00e0 avere ripercussioni anche sull\u2019operativit\u00e0 dei Centri di Servizi al Cliente e sui diversi servizi gestiti da Gtt, con conseguenti possibili disagi per la clientela.<\/p>\n","protected":false},"excerpt":{"rendered":"","protected":false},"author":11,"featured_media":7663,"comment_status":"open","ping_status":"closed","sticky":false,"template":"","format":"standard","meta":[],"categories":[34],"tags":[],"news-destination":[],"news-source":[],"is_homepage":[],"ta_other":[],"_links":{"self":[{"href":"https:\/\/www.ilmercoledi.news\/ilmercoledi\/news\/wp-json\/wp\/v2\/posts\/16396"}],"collection":[{"href":"https:\/\/www.ilmercoledi.news\/ilmercoledi\/news\/wp-json\/wp\/v2\/posts"}],"about":[{"href":"https:\/\/www.ilmercoledi.news\/ilmercoledi\/news\/wp-json\/wp\/v2\/types\/post"}],"author":[{"embeddable":true,"href":"https:\/\/www.ilmercoledi.news\/ilmercoledi\/news\/wp-json\/wp\/v2\/users\/11"}],"replies":[{"embeddable":true,"href":"https:\/\/www.ilmercoledi.news\/ilmercoledi\/news\/wp-json\/wp\/v2\/comments?post=16396"}],"version-history":[{"count":1,"href":"https:\/\/www.ilmercoledi.news\/ilmercoledi\/news\/wp-json\/wp\/v2\/posts\/16396\/revisions"}],"predecessor-version":[{"id":16397,"href":"https:\/\/www.ilmercoledi.news\/ilmercoledi\/news\/wp-json\/wp\/v2\/posts\/16396\/revisions\/16397"}],"wp:featuredmedia":[{"embeddable":true,"href":"https:\/\/www.ilmercoledi.news\/ilmercoledi\/news\/wp-json\/wp\/v2\/media\/7663"}],"wp:attachment":[{"href":"https:\/\/www.ilmercoledi.news\/ilmercoledi\/news\/wp-json\/wp\/v2\/media?parent=16396"}],"wp:term":[{"taxonomy":"category","embeddable":true,"href":"https:\/\/www.ilmercoledi.news\/ilmercoledi\/news\/wp-json\/wp\/v2\/categories?post=16396"},{"taxonomy":"post_tag","embeddable":true,"href":"https:\/\/www.ilmercoledi.news\/ilmercoledi\/news\/wp-json\/wp\/v2\/tags?post=16396"},{"taxonomy":"news-destination","embeddable":true,"href":"https:\/\/www.ilmercoledi.news\/ilmercoledi\/news\/wp-json\/wp\/v2\/news-destination?post=16396"},{"taxonomy":"news-source","embeddable":true,"href":"https:\/\/www.ilmercoledi.news\/ilmercoledi\/news\/wp-json\/wp\/v2\/news-source?post=16396"},{"taxonomy":"is_homepage","embeddable":true,"href":"https:\/\/www.ilmercoledi.news\/ilmercoledi\/news\/wp-json\/wp\/v2\/is_homepage?post=16396"},{"taxonomy":"ta_other","embeddable":true,"href":"https:\/\/www.ilmercoledi.news\/ilmercoledi\/news\/wp-json\/wp\/v2\/ta_other?post=16396"}],"curies":[{"name":"wp","href":"https:\/\/api.w.org\/{rel}","templated":true}]}}