{"id":16572,"date":"2019-03-13T15:18:18","date_gmt":"2019-03-13T14:18:18","guid":{"rendered":"http:\/\/euwps02.tecnavia.com\/ilmercoledi\/news\/?p=16572"},"modified":"2019-03-14T07:58:42","modified_gmt":"2019-03-14T06:58:42","slug":"poirino-agevolazione-per-i-contratti-di-locazione","status":"publish","type":"post","link":"https:\/\/www.ilmercoledi.news\/2019\/03\/13\/poirino-agevolazione-per-i-contratti-di-locazione\/","title":{"rendered":"POIRINO &#8211; Agevolazione per i contratti di locazione"},"content":{"rendered":"<p>I proprietari di alloggi ubicati nel Comune di Poirino, che non hanno stipulato gli Accordi Territoriali,\u00a0possono comunque attivare\u00a0contratti di locazione a canone calmierato,\u00a0utilizzando quelli stipulati dai Comuni confinanti. Il contratto in questione dovr\u00e0 essere vidimato sia da un&#8217;Associazione della propriet\u00e0 che da una dell&#8217;inquilinato. Le agevolazioni di cui \u00e8 possibile\u00a0 beneficiare,\u00a0registrando il contratto avvalendosi della cedolare secca,\u00a0sono: per il proprietario: l&#8217; IRPEF al 10% (anzich\u00e8 21%) \u2013per l&#8217;inquilino: rimborso su mod. 730\/Unico di una quota in base al reddito. Chi fosse interessato ad utilizzare tale tipologia di contratto, pu\u00f2 rivolgersi ad Associazioni di categoria per ricevere tutte le informazioni corrette, avvisando che si tratta di un alloggio ubicato in un Comune che non ha, al momento, siglato Accordi.<\/p>\n","protected":false},"excerpt":{"rendered":"","protected":false},"author":11,"featured_media":10288,"comment_status":"open","ping_status":"closed","sticky":false,"template":"","format":"standard","meta":[],"categories":[34],"tags":[],"news-destination":[],"news-source":[],"is_homepage":[],"ta_other":[],"_links":{"self":[{"href":"https:\/\/www.ilmercoledi.news\/ilmercoledi\/news\/wp-json\/wp\/v2\/posts\/16572"}],"collection":[{"href":"https:\/\/www.ilmercoledi.news\/ilmercoledi\/news\/wp-json\/wp\/v2\/posts"}],"about":[{"href":"https:\/\/www.ilmercoledi.news\/ilmercoledi\/news\/wp-json\/wp\/v2\/types\/post"}],"author":[{"embeddable":true,"href":"https:\/\/www.ilmercoledi.news\/ilmercoledi\/news\/wp-json\/wp\/v2\/users\/11"}],"replies":[{"embeddable":true,"href":"https:\/\/www.ilmercoledi.news\/ilmercoledi\/news\/wp-json\/wp\/v2\/comments?post=16572"}],"version-history":[{"count":1,"href":"https:\/\/www.ilmercoledi.news\/ilmercoledi\/news\/wp-json\/wp\/v2\/posts\/16572\/revisions"}],"predecessor-version":[{"id":16573,"href":"https:\/\/www.ilmercoledi.news\/ilmercoledi\/news\/wp-json\/wp\/v2\/posts\/16572\/revisions\/16573"}],"wp:featuredmedia":[{"embeddable":true,"href":"https:\/\/www.ilmercoledi.news\/ilmercoledi\/news\/wp-json\/wp\/v2\/media\/10288"}],"wp:attachment":[{"href":"https:\/\/www.ilmercoledi.news\/ilmercoledi\/news\/wp-json\/wp\/v2\/media?parent=16572"}],"wp:term":[{"taxonomy":"category","embeddable":true,"href":"https:\/\/www.ilmercoledi.news\/ilmercoledi\/news\/wp-json\/wp\/v2\/categories?post=16572"},{"taxonomy":"post_tag","embeddable":true,"href":"https:\/\/www.ilmercoledi.news\/ilmercoledi\/news\/wp-json\/wp\/v2\/tags?post=16572"},{"taxonomy":"news-destination","embeddable":true,"href":"https:\/\/www.ilmercoledi.news\/ilmercoledi\/news\/wp-json\/wp\/v2\/news-destination?post=16572"},{"taxonomy":"news-source","embeddable":true,"href":"https:\/\/www.ilmercoledi.news\/ilmercoledi\/news\/wp-json\/wp\/v2\/news-source?post=16572"},{"taxonomy":"is_homepage","embeddable":true,"href":"https:\/\/www.ilmercoledi.news\/ilmercoledi\/news\/wp-json\/wp\/v2\/is_homepage?post=16572"},{"taxonomy":"ta_other","embeddable":true,"href":"https:\/\/www.ilmercoledi.news\/ilmercoledi\/news\/wp-json\/wp\/v2\/ta_other?post=16572"}],"curies":[{"name":"wp","href":"https:\/\/api.w.org\/{rel}","templated":true}]}}