{"id":16805,"date":"2019-03-21T07:55:47","date_gmt":"2019-03-21T06:55:47","guid":{"rendered":"http:\/\/euwps02.tecnavia.com\/ilmercoledi\/news\/?p=16805"},"modified":"2019-03-21T07:55:50","modified_gmt":"2019-03-21T06:55:50","slug":"nichelino-esce-di-strada-in-via-buffa-ricoverato-al-cto","status":"publish","type":"post","link":"https:\/\/www.ilmercoledi.news\/2019\/03\/21\/nichelino-esce-di-strada-in-via-buffa-ricoverato-al-cto\/","title":{"rendered":"NICHELINO &#8211; Esce di strada in via Buffa: ricoverato al Cto"},"content":{"rendered":"<p>Una vettura Fiat Freemont, intorno all&#8217;una della notte appena passata, \u00e8 finita fuori strada nella zona di via Buffa a Nichelino. Alla guida, un uomo di nazionalit\u00e0 russa di 31 anni, che non ha fortunatamente coinvolto altri mezzi. Era rimasto incastrato tra le lamiere, tanto che per liberarlo i soccorritori hanno dovuto chiedere aiuto ai vigili del fuoco di Carignano e del Lingotto. L&#8217;uomo per\u00f2 \u00e8 sempre rimasto cosciente ed \u00e8 stato poi portato in ospedale, al Cto di Torino, per le cure del caso dal personale del 118. Non \u00e8 ancora chiara la natura dell&#8217;incidente: \u00e8 possibile che l&#8217;uomo fosse sotto effetto di alcol al momento di guidare.<\/p>\n","protected":false},"excerpt":{"rendered":"","protected":false},"author":11,"featured_media":16806,"comment_status":"open","ping_status":"closed","sticky":false,"template":"","format":"standard","meta":[],"categories":[34],"tags":[],"news-destination":[],"news-source":[],"is_homepage":[],"ta_other":[],"_links":{"self":[{"href":"https:\/\/www.ilmercoledi.news\/ilmercoledi\/news\/wp-json\/wp\/v2\/posts\/16805"}],"collection":[{"href":"https:\/\/www.ilmercoledi.news\/ilmercoledi\/news\/wp-json\/wp\/v2\/posts"}],"about":[{"href":"https:\/\/www.ilmercoledi.news\/ilmercoledi\/news\/wp-json\/wp\/v2\/types\/post"}],"author":[{"embeddable":true,"href":"https:\/\/www.ilmercoledi.news\/ilmercoledi\/news\/wp-json\/wp\/v2\/users\/11"}],"replies":[{"embeddable":true,"href":"https:\/\/www.ilmercoledi.news\/ilmercoledi\/news\/wp-json\/wp\/v2\/comments?post=16805"}],"version-history":[{"count":1,"href":"https:\/\/www.ilmercoledi.news\/ilmercoledi\/news\/wp-json\/wp\/v2\/posts\/16805\/revisions"}],"predecessor-version":[{"id":16807,"href":"https:\/\/www.ilmercoledi.news\/ilmercoledi\/news\/wp-json\/wp\/v2\/posts\/16805\/revisions\/16807"}],"wp:featuredmedia":[{"embeddable":true,"href":"https:\/\/www.ilmercoledi.news\/ilmercoledi\/news\/wp-json\/wp\/v2\/media\/16806"}],"wp:attachment":[{"href":"https:\/\/www.ilmercoledi.news\/ilmercoledi\/news\/wp-json\/wp\/v2\/media?parent=16805"}],"wp:term":[{"taxonomy":"category","embeddable":true,"href":"https:\/\/www.ilmercoledi.news\/ilmercoledi\/news\/wp-json\/wp\/v2\/categories?post=16805"},{"taxonomy":"post_tag","embeddable":true,"href":"https:\/\/www.ilmercoledi.news\/ilmercoledi\/news\/wp-json\/wp\/v2\/tags?post=16805"},{"taxonomy":"news-destination","embeddable":true,"href":"https:\/\/www.ilmercoledi.news\/ilmercoledi\/news\/wp-json\/wp\/v2\/news-destination?post=16805"},{"taxonomy":"news-source","embeddable":true,"href":"https:\/\/www.ilmercoledi.news\/ilmercoledi\/news\/wp-json\/wp\/v2\/news-source?post=16805"},{"taxonomy":"is_homepage","embeddable":true,"href":"https:\/\/www.ilmercoledi.news\/ilmercoledi\/news\/wp-json\/wp\/v2\/is_homepage?post=16805"},{"taxonomy":"ta_other","embeddable":true,"href":"https:\/\/www.ilmercoledi.news\/ilmercoledi\/news\/wp-json\/wp\/v2\/ta_other?post=16805"}],"curies":[{"name":"wp","href":"https:\/\/api.w.org\/{rel}","templated":true}]}}